{"id":7030,"date":"2023-03-06T12:45:10","date_gmt":"2023-03-06T15:45:10","guid":{"rendered":"https:\/\/jm-metropole.com.br\/site\/?p=7030"},"modified":"2023-03-06T12:45:10","modified_gmt":"2023-03-06T15:45:10","slug":"ciet-vila-augusta-realiza-evento-de-promocao-do-trabalho-para-mulheres-nesta-quinta-feira","status":"publish","type":"post","link":"https:\/\/jm-metropole.com.br\/site\/ciet-vila-augusta-realiza-evento-de-promocao-do-trabalho-para-mulheres-nesta-quinta-feira\/","title":{"rendered":"Ciet Vila Augusta realiza evento de promo\u00e7\u00e3o do trabalho para mulheres nesta\u00a0quinta-feira"},"content":{"rendered":"<p>O Centro Integrado de Emprego, Trabalho e Renda (Ciet) Vila Augusta realizar\u00e1 nesta quinta-feira (9), das 9h \u00e0s 15h, um evento de promo\u00e7\u00e3o da empregabilidade voltado a mulheres. A a\u00e7\u00e3o acontece em alus\u00e3o ao Dia Internacional da Mulher, celebrado em\u00a08 de mar\u00e7o, e acontecer\u00e1 na avenida Ant\u00f4nio Iervolino, 225.<\/p>\n<p>No come\u00e7o do dia, \u00e0s 9h, acontecer\u00e1 o workshop \u201cMulher, conecte-se!\u201d, que abordar\u00e1 temas como autoestima, energia feminina, autoconfian\u00e7a e prop\u00f3sito de vida. A palestrante ser\u00e1 Vivian Morais, terapeuta integrativa, bacharel em recursos humanos pela Universidade Guarulhos com p\u00f3s-gradua\u00e7\u00e3o na Funda\u00e7\u00e3o Get\u00falio Vargas e em terapias integrativas e comportamentais pelo Instituto de Desenvolvimento Pessoal.<\/p>\n<p>J\u00e1 das 10h \u00e0s 13h acontecer\u00e3o entrevistas para cem vagas de emprego na \u00e1rea de log\u00edstica. As mulheres interessadas em participar das palestras e do processo seletivo poder\u00e3o retirar as cartas de encaminhamento at\u00e9\u00a0quarta-feira (8) ou at\u00e9 atingir o limite de encaminhamentos no Ciet mais pr\u00f3ximo de sua resid\u00eancia.<\/p>\n<p>Os requisitos s\u00e3o\u00a0ter\u00a0o ensino m\u00e9dio completo e experi\u00eancia em log\u00edstica ou produ\u00e7\u00e3o. O sal\u00e1rio \u00e9 de R$ 1.375 e a vaga oferece fretado e refei\u00e7\u00e3o na empresa, que fica em Cumbica.<\/p>\n<p>Endere\u00e7os do Ciet<\/p>\n<p>Ciet Centro:\u00a0avenida Monteiro Lobato, 734<br \/>\nCiet Vila Augusta:\u00a0avenida Ant\u00f4nio Iervolino, 225<br \/>\nCiet Cumbica:\u00a0avenida Atalaia do Norte, 544 \u2013 dentro do CEU Cumbica<br \/>\nCiet Pimentas:\u00a0estrada do Cap\u00e3o Bonito, 53 \u2013 dentro do CIC Marcos Freire<\/p>\n","protected":false},"excerpt":{"rendered":"<p>O Centro Integrado de Emprego, Trabalho e Renda (Ciet) Vila Augusta realizar\u00e1 nesta quinta-feira (9), das 9h \u00e0s 15h, um evento de promo\u00e7\u00e3o da empregabilidade voltado a mulheres. A a\u00e7\u00e3o acontece em alus\u00e3o ao Dia Internacional da Mulher, celebrado em\u00a08 de mar\u00e7o, e acontecer\u00e1 na avenida Ant\u00f4nio Iervolino, 225. No come\u00e7o do dia, \u00e0s 9h, [&hellip;]<\/p>\n","protected":false},"author":1,"featured_media":7031,"comment_status":"open","ping_status":"open","sticky":false,"template":"","format":"standard","meta":{"footnotes":""},"categories":[3],"tags":[],"class_list":{"0":"post-7030","1":"post","2":"type-post","3":"status-publish","4":"format-standard","5":"has-post-thumbnail","7":"category-guarulhos"},"_links":{"self":[{"href":"https:\/\/jm-metropole.com.br\/site\/wp-json\/wp\/v2\/posts\/7030","targetHints":{"allow":["GET"]}}],"collection":[{"href":"https:\/\/jm-metropole.com.br\/site\/wp-json\/wp\/v2\/posts"}],"about":[{"href":"https:\/\/jm-metropole.com.br\/site\/wp-json\/wp\/v2\/types\/post"}],"author":[{"embeddable":true,"href":"https:\/\/jm-metropole.com.br\/site\/wp-json\/wp\/v2\/users\/1"}],"replies":[{"embeddable":true,"href":"https:\/\/jm-metropole.com.br\/site\/wp-json\/wp\/v2\/comments?post=7030"}],"version-history":[{"count":1,"href":"https:\/\/jm-metropole.com.br\/site\/wp-json\/wp\/v2\/posts\/7030\/revisions"}],"predecessor-version":[{"id":7032,"href":"https:\/\/jm-metropole.com.br\/site\/wp-json\/wp\/v2\/posts\/7030\/revisions\/7032"}],"wp:featuredmedia":[{"embeddable":true,"href":"https:\/\/jm-metropole.com.br\/site\/wp-json\/wp\/v2\/media\/7031"}],"wp:attachment":[{"href":"https:\/\/jm-metropole.com.br\/site\/wp-json\/wp\/v2\/media?parent=7030"}],"wp:term":[{"taxonomy":"category","embeddable":true,"href":"https:\/\/jm-metropole.com.br\/site\/wp-json\/wp\/v2\/categories?post=7030"},{"taxonomy":"post_tag","embeddable":true,"href":"https:\/\/jm-metropole.com.br\/site\/wp-json\/wp\/v2\/tags?post=7030"}],"curies":[{"name":"wp","href":"https:\/\/api.w.org\/{rel}","templated":true}]}}