{"id":6989,"date":"2023-03-03T15:05:45","date_gmt":"2023-03-03T18:05:45","guid":{"rendered":"https:\/\/jm-metropole.com.br\/site\/?p=6989"},"modified":"2023-03-03T15:06:19","modified_gmt":"2023-03-03T18:06:19","slug":"guararema-envia-doacoes-as-vitimas-das-chuvas-no-litoral","status":"publish","type":"post","link":"https:\/\/jm-metropole.com.br\/site\/guararema-envia-doacoes-as-vitimas-das-chuvas-no-litoral\/","title":{"rendered":"Guararema envia doa\u00e7\u00f5es \u00e0s v\u00edtimas das chuvas no litoral"},"content":{"rendered":"<p>Cerca de 9,5 mil litros de \u00e1gua mineral e tamb\u00e9m produtos de limpeza e higiene pessoal foram encaminhados \u00e0s fam\u00edlias afetadas<\/p>\n<p>Fam\u00edlias afetadas pelas fortes chuvas que atingiram o litoral receberam \u00e1gua pot\u00e1vel, produtos de limpeza e higiene pessoal arrecadados pelo Fundo Social de Solidariedade de Guararema, pela campanha A\u00e7\u00e3o Solid\u00e1ria Litoral.<\/p>\n<p>Entre 22 e 28 de fevereiro, o Fundo Social reuniu, por meio de doa\u00e7\u00f5es feitas por empresas, por escolas e principalmente pelos moradores da cidade, cerca de 9,5 mil litros de \u00e1gua mineral, em diversas embalagens.<\/p>\n<p>J\u00e1 entre os produtos de higiene pessoal, foram enviadas ao litoral 992 unidades de absorventes, mais de 1,2 mil litros de \u00e1gua sanit\u00e1ria e dezenas de embalagens de \u00e1lcool, desinfetante, creme dental, escovas de dente, desodorante, detergente, esponjas, fraldas, shampoo, sabonete, sab\u00e3o e outros itens.<\/p>\n<p>Embora n\u00e3o fosse o foco da campanha, roupas \u00edntimas, len\u00e7\u00f3is e mantas tamb\u00e9m foram encaminhados, assim como cerca de 325kg de ra\u00e7\u00f5es para c\u00e3es e gatos e ainda alimentos variados, como arroz, macarr\u00e3o, \u00f3leo e molho de tomate.<\/p>\n<p>Todos os itens chegaram ao litoral em caminh\u00f5es e tamb\u00e9m em carros de volunt\u00e1rios que se solidarizam com a situa\u00e7\u00e3o das v\u00edtimas das chuvas.<\/p>\n<p>\u201cOs cidad\u00e3os guararemenses se sensibilizaram por todas as fam\u00edlias afetadas nesta trag\u00e9dia e mobilizaram esfor\u00e7os para ajudar, fornecendo os itens de primeira necessidade neste momento. A presidente do Fundo Social e sua equipe se empenharam em receber e organizar a destina\u00e7\u00e3o\u201d, parabeniza o prefeito de Guararema, o Z\u00e9.<\/p>\n<p>Vale lembrar que a campanha foi definida na ter\u00e7a-feira de Carnaval (21\/02), quando em uma reuni\u00e3o com a primeira-dama e presidente do Fundo Social de Solidariedade de Guararema, Carmen Rosana de Moura Santos Pierucetti, membros da sociedade civil definiram a necessidade de engajamento da cidade.<\/p>\n","protected":false},"excerpt":{"rendered":"<p>Cerca de 9,5 mil litros de \u00e1gua mineral e tamb\u00e9m produtos de limpeza e higiene pessoal foram encaminhados \u00e0s fam\u00edlias afetadas Fam\u00edlias afetadas pelas fortes chuvas que atingiram o litoral receberam \u00e1gua pot\u00e1vel, produtos de limpeza e higiene pessoal arrecadados pelo Fundo Social de Solidariedade de Guararema, pela campanha A\u00e7\u00e3o Solid\u00e1ria Litoral. Entre 22 e [&hellip;]<\/p>\n","protected":false},"author":1,"featured_media":6990,"comment_status":"open","ping_status":"open","sticky":false,"template":"","format":"standard","meta":{"footnotes":""},"categories":[8,1],"tags":[],"class_list":{"0":"post-6989","1":"post","2":"type-post","3":"status-publish","4":"format-standard","5":"has-post-thumbnail","7":"category-guararema","8":"category-tudo"},"_links":{"self":[{"href":"https:\/\/jm-metropole.com.br\/site\/wp-json\/wp\/v2\/posts\/6989","targetHints":{"allow":["GET"]}}],"collection":[{"href":"https:\/\/jm-metropole.com.br\/site\/wp-json\/wp\/v2\/posts"}],"about":[{"href":"https:\/\/jm-metropole.com.br\/site\/wp-json\/wp\/v2\/types\/post"}],"author":[{"embeddable":true,"href":"https:\/\/jm-metropole.com.br\/site\/wp-json\/wp\/v2\/users\/1"}],"replies":[{"embeddable":true,"href":"https:\/\/jm-metropole.com.br\/site\/wp-json\/wp\/v2\/comments?post=6989"}],"version-history":[{"count":1,"href":"https:\/\/jm-metropole.com.br\/site\/wp-json\/wp\/v2\/posts\/6989\/revisions"}],"predecessor-version":[{"id":6991,"href":"https:\/\/jm-metropole.com.br\/site\/wp-json\/wp\/v2\/posts\/6989\/revisions\/6991"}],"wp:featuredmedia":[{"embeddable":true,"href":"https:\/\/jm-metropole.com.br\/site\/wp-json\/wp\/v2\/media\/6990"}],"wp:attachment":[{"href":"https:\/\/jm-metropole.com.br\/site\/wp-json\/wp\/v2\/media?parent=6989"}],"wp:term":[{"taxonomy":"category","embeddable":true,"href":"https:\/\/jm-metropole.com.br\/site\/wp-json\/wp\/v2\/categories?post=6989"},{"taxonomy":"post_tag","embeddable":true,"href":"https:\/\/jm-metropole.com.br\/site\/wp-json\/wp\/v2\/tags?post=6989"}],"curies":[{"name":"wp","href":"https:\/\/api.w.org\/{rel}","templated":true}]}}