{"id":6986,"date":"2023-03-03T15:01:25","date_gmt":"2023-03-03T18:01:25","guid":{"rendered":"https:\/\/jm-metropole.com.br\/site\/?p=6986"},"modified":"2023-03-03T15:01:25","modified_gmt":"2023-03-03T18:01:25","slug":"parque-dos-ipes-sediara-workshop-de-compras-publicas-no-dia-9-de-marco","status":"publish","type":"post","link":"https:\/\/jm-metropole.com.br\/site\/parque-dos-ipes-sediara-workshop-de-compras-publicas-no-dia-9-de-marco\/","title":{"rendered":"PARQUE DOS IP\u00caS SEDIAR\u00c1 WORKSHOP DE COMPRAS P\u00daBLICAS NO DIA 9 DE MAR\u00c7O"},"content":{"rendered":"<p>A Prefeitura de Aruj\u00e1 realizar\u00e1 no Parque dos Ip\u00eas o workshop de Compras P\u00fablicas, no pr\u00f3ximo dia 9, a partir das 9 horas. A a\u00e7\u00e3o tem como p\u00fablico-alvo microempresas (ME) e Empresas de Pequeno Porte (EPP), que queiram vender seus produtos e servi\u00e7os para \u00f3rg\u00e3os p\u00fablicos. Na oportunidade, ser\u00e3o abordados temas como a aplica\u00e7\u00e3o da Lei Complementar LC n\u00ba 123\/2006, que estabelece normas gerais relativas ao tratamento diferenciado e favorecido dispensado \u00e0s microempresas e empresas de pequeno porte e as mudan\u00e7as da nova Lei de Licita\u00e7\u00f5es n\u00ba 14.133\/2021.<\/p>\n<p>O evento contar\u00e1 com a presen\u00e7a de Marcos Roberto Regueiro, diretor geral da Prefeitura de Aruj\u00e1, p\u00f3s-graduado em Direito P\u00fablico Municipal pela Funda\u00e7\u00e3o Get\u00falio Vargas (FGV) e p\u00f3s-graduado em Direito Tribut\u00e1rio pela Escola Paulista de Direito.<\/p>\n<p>Inscri\u00e7\u00f5es devem ser feitas pelo whatsapp da Secretaria Municipal de Desenvolvimento Econ\u00f4mico: (11) 4655-4500.<\/p>\n","protected":false},"excerpt":{"rendered":"<p>A Prefeitura de Aruj\u00e1 realizar\u00e1 no Parque dos Ip\u00eas o workshop de Compras P\u00fablicas, no pr\u00f3ximo dia 9, a partir das 9 horas. A a\u00e7\u00e3o tem como p\u00fablico-alvo microempresas (ME) e Empresas de Pequeno Porte (EPP), que queiram vender seus produtos e servi\u00e7os para \u00f3rg\u00e3os p\u00fablicos. Na oportunidade, ser\u00e3o abordados temas como a aplica\u00e7\u00e3o da [&hellip;]<\/p>\n","protected":false},"author":1,"featured_media":6987,"comment_status":"open","ping_status":"open","sticky":false,"template":"","format":"standard","meta":{"footnotes":""},"categories":[4],"tags":[],"class_list":{"0":"post-6986","1":"post","2":"type-post","3":"status-publish","4":"format-standard","5":"has-post-thumbnail","7":"category-aruja"},"_links":{"self":[{"href":"https:\/\/jm-metropole.com.br\/site\/wp-json\/wp\/v2\/posts\/6986","targetHints":{"allow":["GET"]}}],"collection":[{"href":"https:\/\/jm-metropole.com.br\/site\/wp-json\/wp\/v2\/posts"}],"about":[{"href":"https:\/\/jm-metropole.com.br\/site\/wp-json\/wp\/v2\/types\/post"}],"author":[{"embeddable":true,"href":"https:\/\/jm-metropole.com.br\/site\/wp-json\/wp\/v2\/users\/1"}],"replies":[{"embeddable":true,"href":"https:\/\/jm-metropole.com.br\/site\/wp-json\/wp\/v2\/comments?post=6986"}],"version-history":[{"count":1,"href":"https:\/\/jm-metropole.com.br\/site\/wp-json\/wp\/v2\/posts\/6986\/revisions"}],"predecessor-version":[{"id":6988,"href":"https:\/\/jm-metropole.com.br\/site\/wp-json\/wp\/v2\/posts\/6986\/revisions\/6988"}],"wp:featuredmedia":[{"embeddable":true,"href":"https:\/\/jm-metropole.com.br\/site\/wp-json\/wp\/v2\/media\/6987"}],"wp:attachment":[{"href":"https:\/\/jm-metropole.com.br\/site\/wp-json\/wp\/v2\/media?parent=6986"}],"wp:term":[{"taxonomy":"category","embeddable":true,"href":"https:\/\/jm-metropole.com.br\/site\/wp-json\/wp\/v2\/categories?post=6986"},{"taxonomy":"post_tag","embeddable":true,"href":"https:\/\/jm-metropole.com.br\/site\/wp-json\/wp\/v2\/tags?post=6986"}],"curies":[{"name":"wp","href":"https:\/\/api.w.org\/{rel}","templated":true}]}}