{"id":6980,"date":"2023-03-03T13:41:10","date_gmt":"2023-03-03T16:41:10","guid":{"rendered":"https:\/\/jm-metropole.com.br\/site\/?p=6980"},"modified":"2023-03-03T13:41:10","modified_gmt":"2023-03-03T16:41:10","slug":"orquestra-municipal-de-santa-isabel-completa-11-anos-formando-novos-musicos","status":"publish","type":"post","link":"https:\/\/jm-metropole.com.br\/site\/orquestra-municipal-de-santa-isabel-completa-11-anos-formando-novos-musicos\/","title":{"rendered":"ORQUESTRA MUNICIPAL DE SANTA ISABEL COMPLETA 11 ANOS FORMANDO NOVOS M\u00daSICOS"},"content":{"rendered":"<p>Durante a trajet\u00f3ria da banda, diversos pr\u00eamios foram conquistados e 21 alunos entraram para renomadas escolas de m\u00fasica.<\/p>\n<p>Muitos isabelenses j\u00e1 passaram pela Orquestra Municipal, que est\u00e1 completando 11 anos em mar\u00e7o. O projeto atende cerca de 130 alunos e j\u00e1 encaminhou 21 integrantes para renomadas escolas de m\u00fasica.<\/p>\n<p>Fundada em 2012, como banda sinf\u00f4nica, a Orquestra era vinculada a um grupo pedag\u00f3gico na EMEF Jo\u00e3o Jos\u00e9 de Almeida Filho e tinha a miss\u00e3o de oferecer aulas sobre no\u00e7\u00f5es musicais, leitura de partituras e compreens\u00e3o de expressividade da m\u00fasica cl\u00e1ssica e popular para todos os alunos da rede municipal de ensino.<\/p>\n<p>No ano de 2017, a corpora\u00e7\u00e3o foi oficializada como Orquestra Municipal de Santa Isabel e desde ent\u00e3o vem realizando grandes conquistas no ramo musical, como as apresenta\u00e7\u00f5es nos espa\u00e7os Audit\u00f3rio Cl\u00e1udio Santoro, a Sala S\u00e3o Paulo e no evento de premia\u00e7\u00e3o da Unesco ao desenhista Mauricio de Sousa, que ocorreu no Theatro S\u00e3o Pedro.<\/p>\n<p>As premia\u00e7\u00f5es tamb\u00e9m s\u00e3o destaques na trajet\u00f3ria da Orquestra, com 57 pr\u00eamios ao todo. No ano de 2017, ela foi campe\u00e3 em quatro competi\u00e7\u00f5es, vice-campe\u00e3 em duas e terceira colocada no Open Brasil. Em 2018, conquistou o t\u00edtulo de campe\u00e3 na categoria Banda Marcial Infanto-Juvenil no 18\u00b0 CONFAFRAMO de Francisco Morato e campe\u00e3 estadual em Trememb\u00e9.<\/p>\n<p>J\u00e1 em 2019, a Orquestra foi campe\u00e3 no 1\u00ba Confaban de S\u00e3o Luiz do Paraitinga; campe\u00e3 no X Confaban de Nazar\u00e9 Paulista; campe\u00e3 no IX Confaban de Itaquera; campe\u00e3 Confaban de Caieras na categoria infanto-juvenil; campe\u00e3 30\u00ba Confaban de Caieras categoria s\u00eanior e vice-campe\u00e3 do campeonato estadual em Quat\u00e1.<\/p>\n<p>Em 2022, ela foi campe\u00e3 no 5\u00ba Concurso de Santos; campe\u00e3 no Col\u00e9gio Albert Einstein; campe\u00e3 no 4\u00ba Confaban de Guararema; bi-campe\u00e3 no 31\u00ba Confaban de Caieiras e campe\u00e3 na final do circuito em Bom Jesus dos Perd\u00f5es.<\/p>\n<p>Fa\u00e7a parte da Orquestra Municipal de Santa Isabel<\/p>\n<p>As crian\u00e7as e adolescentes com mais de 8 anos interessadas em participar da Orquestra Municipal de Santa Isabel, podem se inscrever em v\u00e1rias categorias instrumentais, como: trompete, fluguelhorn, trompa, trombone de vara, tuba, euf\u00f4nio e percuss\u00e3o sinf\u00f4nica.<\/p>\n<p>Para se inscrever, basta comparecer na sede da Orquestra Municipal, localizada na Pra\u00e7a dos Expedicion\u00e1rios, N\u00b0 9, Centro. O hor\u00e1rio de atendimento \u00e9 de segunda a sexta-feira, das 9h \u00e0s 13h e das 14h \u00e0s 17h. Mais informa\u00e7\u00f5es podem ser obtidas com o setor, pelo n\u00famero 4656-2440, ramal 2577.<\/p>\n","protected":false},"excerpt":{"rendered":"<p>Durante a trajet\u00f3ria da banda, diversos pr\u00eamios foram conquistados e 21 alunos entraram para renomadas escolas de m\u00fasica. Muitos isabelenses j\u00e1 passaram pela Orquestra Municipal, que est\u00e1 completando 11 anos em mar\u00e7o. O projeto atende cerca de 130 alunos e j\u00e1 encaminhou 21 integrantes para renomadas escolas de m\u00fasica. Fundada em 2012, como banda sinf\u00f4nica, [&hellip;]<\/p>\n","protected":false},"author":1,"featured_media":6981,"comment_status":"open","ping_status":"open","sticky":false,"template":"","format":"standard","meta":{"footnotes":""},"categories":[5],"tags":[],"class_list":{"0":"post-6980","1":"post","2":"type-post","3":"status-publish","4":"format-standard","5":"has-post-thumbnail","7":"category-santa-isabel"},"_links":{"self":[{"href":"https:\/\/jm-metropole.com.br\/site\/wp-json\/wp\/v2\/posts\/6980","targetHints":{"allow":["GET"]}}],"collection":[{"href":"https:\/\/jm-metropole.com.br\/site\/wp-json\/wp\/v2\/posts"}],"about":[{"href":"https:\/\/jm-metropole.com.br\/site\/wp-json\/wp\/v2\/types\/post"}],"author":[{"embeddable":true,"href":"https:\/\/jm-metropole.com.br\/site\/wp-json\/wp\/v2\/users\/1"}],"replies":[{"embeddable":true,"href":"https:\/\/jm-metropole.com.br\/site\/wp-json\/wp\/v2\/comments?post=6980"}],"version-history":[{"count":1,"href":"https:\/\/jm-metropole.com.br\/site\/wp-json\/wp\/v2\/posts\/6980\/revisions"}],"predecessor-version":[{"id":6982,"href":"https:\/\/jm-metropole.com.br\/site\/wp-json\/wp\/v2\/posts\/6980\/revisions\/6982"}],"wp:featuredmedia":[{"embeddable":true,"href":"https:\/\/jm-metropole.com.br\/site\/wp-json\/wp\/v2\/media\/6981"}],"wp:attachment":[{"href":"https:\/\/jm-metropole.com.br\/site\/wp-json\/wp\/v2\/media?parent=6980"}],"wp:term":[{"taxonomy":"category","embeddable":true,"href":"https:\/\/jm-metropole.com.br\/site\/wp-json\/wp\/v2\/categories?post=6980"},{"taxonomy":"post_tag","embeddable":true,"href":"https:\/\/jm-metropole.com.br\/site\/wp-json\/wp\/v2\/tags?post=6980"}],"curies":[{"name":"wp","href":"https:\/\/api.w.org\/{rel}","templated":true}]}}