{"id":6977,"date":"2023-03-03T13:12:55","date_gmt":"2023-03-03T16:12:55","guid":{"rendered":"https:\/\/jm-metropole.com.br\/site\/?p=6977"},"modified":"2023-03-03T13:12:55","modified_gmt":"2023-03-03T16:12:55","slug":"projeto-ciclista-seguro-comeca-com-acao-no-parque-cecap","status":"publish","type":"post","link":"https:\/\/jm-metropole.com.br\/site\/projeto-ciclista-seguro-comeca-com-acao-no-parque-cecap\/","title":{"rendered":"Projeto Ciclista Seguro come\u00e7a com a\u00e7\u00e3o no Parque Cecap"},"content":{"rendered":"<p>Mun\u00edcipes que utilizam a ciclovia da avenida Ministro Evandro Lins e Silva, no Parque Cecap, foram abordados por agentes de tr\u00e2nsito na noite desta\u00a0quinta-feira (2) durante o lan\u00e7amento do projeto Ciclista Seguro \u2013 Veja e Seja Visto, da Secretaria de Transportes e Mobilidade Urbana (STMU) de Guarulhos. A a\u00e7\u00e3o de car\u00e1ter\u00a0educativo tem por objetivo disseminar os conceitos e regras de seguran\u00e7a para esse tipo de modal, seja para o deslocamento cotidiano para o trabalho ou para o esporte.<\/p>\n<p>No primeiro dia da a\u00e7\u00e3o 75% dos ciclistas abordados pelos agentes de tr\u00e2nsito disseram que utilizam a bicicleta como meio de transporte para ir ao trabalho e apenas 25% estavam no local para lazer.<\/p>\n<p>Todos os ciclistas receberam uma lanterna de seguran\u00e7a de LED recarreg\u00e1vel, colete refletivo e um folheto com orienta\u00e7\u00f5es de seguran\u00e7a no tr\u00e2nsito. A a\u00e7\u00e3o ser\u00e1 permanente e nesta primeira fase pretende atender mil pessoas.<\/p>\n<p>\u201cO primeiro dia da a\u00e7\u00e3o foi um sucesso. Os ciclistas aprovaram a iniciativa, sobretudo por conta das orienta\u00e7\u00f5es que foram passadas, como a import\u00e2ncia do uso de equipamentos de prote\u00e7\u00e3o individual\u201d, comentou o titular da STMU, Luigi Lazzuri Neto.<\/p>\n","protected":false},"excerpt":{"rendered":"<p>Mun\u00edcipes que utilizam a ciclovia da avenida Ministro Evandro Lins e Silva, no Parque Cecap, foram abordados por agentes de tr\u00e2nsito na noite desta\u00a0quinta-feira (2) durante o lan\u00e7amento do projeto Ciclista Seguro \u2013 Veja e Seja Visto, da Secretaria de Transportes e Mobilidade Urbana (STMU) de Guarulhos. A a\u00e7\u00e3o de car\u00e1ter\u00a0educativo tem por objetivo disseminar [&hellip;]<\/p>\n","protected":false},"author":1,"featured_media":6978,"comment_status":"open","ping_status":"open","sticky":false,"template":"","format":"standard","meta":{"footnotes":""},"categories":[3],"tags":[],"class_list":{"0":"post-6977","1":"post","2":"type-post","3":"status-publish","4":"format-standard","5":"has-post-thumbnail","7":"category-guarulhos"},"_links":{"self":[{"href":"https:\/\/jm-metropole.com.br\/site\/wp-json\/wp\/v2\/posts\/6977","targetHints":{"allow":["GET"]}}],"collection":[{"href":"https:\/\/jm-metropole.com.br\/site\/wp-json\/wp\/v2\/posts"}],"about":[{"href":"https:\/\/jm-metropole.com.br\/site\/wp-json\/wp\/v2\/types\/post"}],"author":[{"embeddable":true,"href":"https:\/\/jm-metropole.com.br\/site\/wp-json\/wp\/v2\/users\/1"}],"replies":[{"embeddable":true,"href":"https:\/\/jm-metropole.com.br\/site\/wp-json\/wp\/v2\/comments?post=6977"}],"version-history":[{"count":1,"href":"https:\/\/jm-metropole.com.br\/site\/wp-json\/wp\/v2\/posts\/6977\/revisions"}],"predecessor-version":[{"id":6979,"href":"https:\/\/jm-metropole.com.br\/site\/wp-json\/wp\/v2\/posts\/6977\/revisions\/6979"}],"wp:featuredmedia":[{"embeddable":true,"href":"https:\/\/jm-metropole.com.br\/site\/wp-json\/wp\/v2\/media\/6978"}],"wp:attachment":[{"href":"https:\/\/jm-metropole.com.br\/site\/wp-json\/wp\/v2\/media?parent=6977"}],"wp:term":[{"taxonomy":"category","embeddable":true,"href":"https:\/\/jm-metropole.com.br\/site\/wp-json\/wp\/v2\/categories?post=6977"},{"taxonomy":"post_tag","embeddable":true,"href":"https:\/\/jm-metropole.com.br\/site\/wp-json\/wp\/v2\/tags?post=6977"}],"curies":[{"name":"wp","href":"https:\/\/api.w.org\/{rel}","templated":true}]}}