{"id":6971,"date":"2023-03-03T12:15:20","date_gmt":"2023-03-03T15:15:20","guid":{"rendered":"https:\/\/jm-metropole.com.br\/site\/?p=6971"},"modified":"2023-03-03T12:15:20","modified_gmt":"2023-03-03T15:15:20","slug":"governador-prestigia-abertura-do-novo-edificio-da-pinacoteca-contemporanea","status":"publish","type":"post","link":"https:\/\/jm-metropole.com.br\/site\/governador-prestigia-abertura-do-novo-edificio-da-pinacoteca-contemporanea\/","title":{"rendered":"Governador prestigia abertura do novo edif\u00edcio da Pinacoteca Contempor\u00e2nea"},"content":{"rendered":"<p>[20:42, 02\/03\/2023] Secretaria de Comunica\u00e7\u00e3o Do Estado De S\u00e3o Paulo: Espa\u00e7o recebe o p\u00fablico a partir de s\u00e1bado (4), com atra\u00e7\u00f5es musicais e inaugura\u00e7\u00e3o de duas exposi\u00e7\u00f5es<\/p>\n<p>O governador Tarc\u00edsio de Freitas participou nesta quinta-feira (2) da abertura oficial do novo edif\u00edcio da Pinacoteca Contempor\u00e2nea, na cidade de S\u00e3o Paulo. Ele esteve acompanhado pela primeira-dama e presidente do Fundo Social de S\u00e3o Paulo (Fussp), Cristiane Freitas; pelo vice-governador Felicio Ramuth, e pela secret\u00e1ria da Cultura e Economia Criativa, Mar\u00edlia Marton.<\/p>\n<p>A constru\u00e7\u00e3o do espa\u00e7o foi poss\u00edvel gra\u00e7as a uma parceria entre o Governo de S\u00e3o Paulo, que aportou R$ 55 milh\u00f5es, e patrocinadores privados captados pela Organiza\u00e7\u00e3o Social Associa\u00e7\u00e3o Pinacoteca Arte e Cultura (APAC), que acompanharam as obras desde sua fase inicial.<\/p>\n<p>&#8220;Que honra, estou muito feliz de estar aqui, assistindo esse novo cap\u00edtulo da nossa Pinacoteca. Ela \u00e9 mais uma componente que faz com que S\u00e3o Paulo tenha a cultura mais forte do Brasil. Vamos trabalhar muito para que continue sendo assim, para que a cultura continue gerando progresso, gerando divisas e sendo um elemento de transforma\u00e7\u00e3o da sociedade&#8221;, afirmou Tarc\u00edsio de Freitas.<\/p>\n<p>O espa\u00e7o estar\u00e1 aberto ao p\u00fablico a partir deste s\u00e1bado (4), com duas exposi\u00e7\u00f5es inaugurais: Quase Coloquial, da artista sul-coreana Haegue Yang, e Ch\u00e3o da pra\u00e7a: obras do acervo da Pinacoteca. Uma programa\u00e7\u00e3o especial com diversas atra\u00e7\u00f5es musicais e com a apresenta\u00e7\u00e3o da mostra Chico da Silva e o Ateli\u00ea do Pirambu ocupa o principal espa\u00e7o expositivo da Pinacoteca Luz.<\/p>\n<p>\u201cEsse \u00e9 um grande investimento do Governo do Estado. Um museu aberto com uma gama de ofertas, como biblioteca, centro de documenta\u00e7\u00e3o, ateli\u00eas educativos, caf\u00e9 e loja com vista para a copa das \u00e1rvores do centen\u00e1rio Parque da Luz.\u201d, destacou a secret\u00e1ria da Cultura e Economia Criativa, Mar\u00edlia Marton.<\/p>\n<p>Com potencial para receber at\u00e9 1 milh\u00e3o de visitantes por ano, o edif\u00edcio da Pinacoteca Contempor\u00e2nea conta com uma grande pra\u00e7a p\u00fablica coberta, com 1.339 m\u00b2, dois ateli\u00eas para atividades educativas, a loja do museu e um pavilh\u00e3o onde est\u00e1 localizada a Galeria Pra\u00e7a, com 200 m\u00b2, que recebe a exposi\u00e7\u00e3o Haegue Yang: Quase Coloquial.<\/p>\n<p>Com 1.000m\u00b2, a Grande Galeria, situada no subsolo, recebe a mostra Ch\u00e3o da Pra\u00e7a: obras do acervo da Pinacoteca. Um mezanino com vista para o Parque da Luz, onde est\u00e1 localizada a cafeteria, complementa o projeto do edif\u00edcio, criando um ambiente que cumpre os requisitos fundamentais para um museu do s\u00e9culo 21, ao mesmo tempo em que \u00e9 amig\u00e1vel, inclusivo e acess\u00edvel. No pr\u00e9dio est\u00e1 tamb\u00e9m a Biblioteca da Pinacoteca de S\u00e3o Paulo e o Centro de Documenta\u00e7\u00e3o do Museu.<\/p>\n<p>Com uma programa\u00e7\u00e3o integrada entre os pr\u00e9dios, em 2023 a Pinacoteca de S\u00e3o Paulo seguir\u00e1 apresentando uma consistente pesquisa em torno de nomes hist\u00f3ricos e contempor\u00e2neos da arte brasileira, em di\u00e1logo com renomados artistas internacionais, dando visibilidade para uma multiplicidade de linguagens, temas e produ\u00e7\u00f5es.<\/p>\n<p>Sobre as exposi\u00e7\u00f5es<\/p>\n<p>Pinacoteca Contempor\u00e2nea<br \/>\nO ano come\u00e7a com a abertura da Pina Contempor\u00e2nea, recebendo as mostras inaugurais do novo espa\u00e7o, Quase Coloquial, de Haegue Yang e Ch\u00e3o da Pra\u00e7a: obras do acervo da Pinacoteca.<\/p>\n<p>Primeira grande mostra da artista sul-coreana Haegue Yang na Am\u00e9rica Latina, Quase Coloquial tem curadoria de Jochen Volz e inaugura a Galeria Pra\u00e7a, na Pinacoteca Contempor\u00e2nea. A exposi\u00e7\u00e3o consiste em cinco grupos de trabalhos baseados em larga pesquisa conceitual da artista reconhecida pela pr\u00e1tica que passa por esculturas, instala\u00e7\u00f5es, obra em papel, fotografia e v\u00eddeo. Investigando o estudo coletivo sobre forma, funcionalidade e racionalidade, a artista dialoga com a hist\u00f3ria da cultura brasileira em obras como Cantos Empilhados (2022) e a colagem Estrangeiro Coloquial (2021), trabalho d\u2026<br \/>\n[21:31, 02\/03\/2023] Secretaria de Comunica\u00e7\u00e3o Do Estado De S\u00e3o Paulo: AGENDA DO GOVERNADOR TARC\u00cdSIO DE FREITAS<\/p>\n<p>O governador Tarc\u00edsio de Freitas acompanha nesta sexta-feira (3) as cerim\u00f4nias de passagem de comando do Col\u00e9gio Militar de S\u00e3o Paulo e do Centro de Prepara\u00e7\u00e3o de Oficiais da Reserva de S\u00e3o Paulo (CPOR-SP). O ato est\u00e1 marcado para as 10h, na sede do CPOR, em Santana, Zona Norte da capital.<\/p>\n<p>Data: 3 de mar\u00e7o de 2023<br \/>\nHor\u00e1rio: 10h<br \/>\nLocal: Centro de Prepara\u00e7\u00e3o de Oficiais da Reserva de S\u00e3o Paulo (CPOR-SP)<br \/>\nEndere\u00e7o: Rua Alfredo Pujol, 672 &#8211; Santana &#8211; S\u00e3o Paulo<\/p>\n","protected":false},"excerpt":{"rendered":"<p>[20:42, 02\/03\/2023] Secretaria de Comunica\u00e7\u00e3o Do Estado De S\u00e3o Paulo: Espa\u00e7o recebe o p\u00fablico a partir de s\u00e1bado (4), com atra\u00e7\u00f5es musicais e inaugura\u00e7\u00e3o de duas exposi\u00e7\u00f5es O governador Tarc\u00edsio de Freitas participou nesta quinta-feira (2) da abertura oficial do novo edif\u00edcio da Pinacoteca Contempor\u00e2nea, na cidade de S\u00e3o Paulo. Ele esteve acompanhado pela primeira-dama [&hellip;]<\/p>\n","protected":false},"author":1,"featured_media":6972,"comment_status":"open","ping_status":"open","sticky":false,"template":"","format":"standard","meta":{"footnotes":""},"categories":[48],"tags":[],"class_list":{"0":"post-6971","1":"post","2":"type-post","3":"status-publish","4":"format-standard","5":"has-post-thumbnail","7":"category-geral"},"_links":{"self":[{"href":"https:\/\/jm-metropole.com.br\/site\/wp-json\/wp\/v2\/posts\/6971","targetHints":{"allow":["GET"]}}],"collection":[{"href":"https:\/\/jm-metropole.com.br\/site\/wp-json\/wp\/v2\/posts"}],"about":[{"href":"https:\/\/jm-metropole.com.br\/site\/wp-json\/wp\/v2\/types\/post"}],"author":[{"embeddable":true,"href":"https:\/\/jm-metropole.com.br\/site\/wp-json\/wp\/v2\/users\/1"}],"replies":[{"embeddable":true,"href":"https:\/\/jm-metropole.com.br\/site\/wp-json\/wp\/v2\/comments?post=6971"}],"version-history":[{"count":1,"href":"https:\/\/jm-metropole.com.br\/site\/wp-json\/wp\/v2\/posts\/6971\/revisions"}],"predecessor-version":[{"id":6973,"href":"https:\/\/jm-metropole.com.br\/site\/wp-json\/wp\/v2\/posts\/6971\/revisions\/6973"}],"wp:featuredmedia":[{"embeddable":true,"href":"https:\/\/jm-metropole.com.br\/site\/wp-json\/wp\/v2\/media\/6972"}],"wp:attachment":[{"href":"https:\/\/jm-metropole.com.br\/site\/wp-json\/wp\/v2\/media?parent=6971"}],"wp:term":[{"taxonomy":"category","embeddable":true,"href":"https:\/\/jm-metropole.com.br\/site\/wp-json\/wp\/v2\/categories?post=6971"},{"taxonomy":"post_tag","embeddable":true,"href":"https:\/\/jm-metropole.com.br\/site\/wp-json\/wp\/v2\/tags?post=6971"}],"curies":[{"name":"wp","href":"https:\/\/api.w.org\/{rel}","templated":true}]}}