{"id":6968,"date":"2023-03-03T12:05:28","date_gmt":"2023-03-03T15:05:28","guid":{"rendered":"https:\/\/jm-metropole.com.br\/site\/?p=6968"},"modified":"2023-03-03T12:05:28","modified_gmt":"2023-03-03T15:05:28","slug":"programa-prospera-familia-tem-a-primeira-cerimonia-de-formatura","status":"publish","type":"post","link":"https:\/\/jm-metropole.com.br\/site\/programa-prospera-familia-tem-a-primeira-cerimonia-de-formatura\/","title":{"rendered":"Programa Prospera Fam\u00edlia tem a primeira cerim\u00f4nia de formatura"},"content":{"rendered":"<p><main><\/p>\n<div class=\"container\">\n<div class=\"row\">\n<div class=\"col-sm-8 col-md-9 col-lg-9\">\n<div id=\"conteudo\" class=\"conteudo\">\n<p>A Prefeitura de Mogi das Cruzes, por meio da Secretaria Municipal de Assist\u00eancia Social, promoveu na tarde desta quinta-feira (02\/03), a primeira formatura do Prospera Fam\u00edlia. Lan\u00e7ado no final de 2022 e operacionalizado a partir do in\u00edcio deste ano, o programa\u00a0oferece mentoria, capacita\u00e7\u00e3o, incentivo financeiro e apoio emocional para, prioritariamente, fam\u00edlias monoparentais, com renda mensal de at\u00e9 R$ 210,00 per capita, moradoras de Mogi das Cruzes, com pelo menos um filho na primeira inf\u00e2ncia (zero a seis anos).<\/p>\n<p>A formatura desta quinta-feira se refere \u00e0 primeira fase e o primeiro ciclo de forma\u00e7\u00e3o pessoal ofertados pelo programa. Nessa etapa inicial, as benefici\u00e1rias participaram, em 13 diferentes turmas, de nove oficinas nos per\u00edodos da manh\u00e3 e tarde, ao longo das quais desenvolveram habilidades socioemocionais. As oficinas foram realizadas em Jundiapeba, Braz Cubas, Vila Nova Uni\u00e3o, Residencial Novo Horizonte, Jardim Piat\u00e3, Cezar de Souza, Vila Brasileira, Taia\u00e7upeba, Jardim Nove de Julho, Jardim Santos Dumont, Santo \u00c2ngelo, Biritiba Ussu e Mogi Moderno.<\/p>\n<p>Ao todo, s\u00e3o 635 benefici\u00e1rias formadas para a segunda fase do programa. Na formatura de hoje, cerca de 300 receberam os certificados. Em breve, portanto, outras cerim\u00f4nias ser\u00e3o realizadas, at\u00e9 que todas estejam devidamente certificadas. Na primeira fase do programa como um todo, s\u00e3o 950 pessoas atendidas.<\/p>\n<p>O programa \u00e9 uma parceria do Governo do Estado de S\u00e3o Paulo com a Prefeitura de Mogi das Cruzes, por meio da Secretaria Municipal de Assist\u00eancia Social, sob a coordena\u00e7\u00e3o do programa Conduz (programa municipal de gera\u00e7\u00e3o de trabalho e renda). A execu\u00e7\u00e3o do programa em Mogi das Cruzes conta com a parceria do Centro Integrado de Estudos e Programas de Desenvolvimento Sustent\u00e1vel \u2013 CIEDS, que foi selecionado mediante chamamento p\u00fablico para essa finalidade.<\/p>\n<p>Os benefici\u00e1rios do programa participam inicialmente desse ciclo de forma\u00e7\u00e3o pessoal, em empreendedorismo e gera\u00e7\u00e3o de renda, com objetivo de inclus\u00e3o produtiva e mobilidade social. Recebem uma renda mensal de R$ 130,00 durante o per\u00edodo de acompanhamento e duas parcelas que somam R$ 2 mil ap\u00f3s o t\u00e9rmino do programa. O objetivo do benef\u00edcio \u00e9 aquisi\u00e7\u00e3o de bens e equipamentos visando a gera\u00e7\u00e3o de trabalho e renda. Ambos os benef\u00edcios t\u00eam libera\u00e7\u00e3o via Cart\u00e3o do Povo.<\/p>\n<p>\u201cParabenizo a cada um de voc\u00eas, formandos, na data de hoje. O Prospera Fam\u00edlia, como o nome j\u00e1 diz, \u00e9 um programa que busca dar prosperidade e dignidade para as fam\u00edlias mogianas e essa \u00e9 uma prioridade do nosso governo\u201d, destacou a vice-prefeita e prefeita em exerc\u00edcio, Priscila Yamagami.<\/p>\n<p>A secret\u00e1ria municipal de Assist\u00eancia Social, Celeste Gomes, lembrou que a maioria do p\u00fablico atendido \u00e9 composto por m\u00e3es, que cuidam sozinhas de seus filhos, fatia essa que requer uma aten\u00e7\u00e3o especial dentro da pol\u00edtica de assist\u00eancia social. \u201cEste \u00e9 s\u00f3 o come\u00e7o de um programa que veio para atender esse p\u00fablico, que precisa e merece todos os nossos esfor\u00e7os enquanto Secretaria de Assist\u00eancia Social. Que este seja o come\u00e7o de uma nova realidade, repleta de oportunidades, a todos\u201d, pontuou.<\/p>\n<p>A cerim\u00f4nia tamb\u00e9m contou com a presen\u00e7a da coordenadora municipal do programa Acessuas\/Conduz, Vera Suzart<\/p>\n<\/div>\n<\/div>\n<\/div>\n<\/div>\n<p><\/main><\/p>\n","protected":false},"excerpt":{"rendered":"<p>A Prefeitura de Mogi das Cruzes, por meio da Secretaria Municipal de Assist\u00eancia Social, promoveu na tarde desta quinta-feira (02\/03), a primeira formatura do Prospera Fam\u00edlia. Lan\u00e7ado no final de 2022 e operacionalizado a partir do in\u00edcio deste ano, o programa\u00a0oferece mentoria, capacita\u00e7\u00e3o, incentivo financeiro e apoio emocional para, prioritariamente, fam\u00edlias monoparentais, com renda mensal [&hellip;]<\/p>\n","protected":false},"author":1,"featured_media":6969,"comment_status":"open","ping_status":"open","sticky":false,"template":"","format":"standard","meta":{"footnotes":""},"categories":[10],"tags":[],"class_list":{"0":"post-6968","1":"post","2":"type-post","3":"status-publish","4":"format-standard","5":"has-post-thumbnail","7":"category-mogi-das-cruzes"},"_links":{"self":[{"href":"https:\/\/jm-metropole.com.br\/site\/wp-json\/wp\/v2\/posts\/6968","targetHints":{"allow":["GET"]}}],"collection":[{"href":"https:\/\/jm-metropole.com.br\/site\/wp-json\/wp\/v2\/posts"}],"about":[{"href":"https:\/\/jm-metropole.com.br\/site\/wp-json\/wp\/v2\/types\/post"}],"author":[{"embeddable":true,"href":"https:\/\/jm-metropole.com.br\/site\/wp-json\/wp\/v2\/users\/1"}],"replies":[{"embeddable":true,"href":"https:\/\/jm-metropole.com.br\/site\/wp-json\/wp\/v2\/comments?post=6968"}],"version-history":[{"count":1,"href":"https:\/\/jm-metropole.com.br\/site\/wp-json\/wp\/v2\/posts\/6968\/revisions"}],"predecessor-version":[{"id":6970,"href":"https:\/\/jm-metropole.com.br\/site\/wp-json\/wp\/v2\/posts\/6968\/revisions\/6970"}],"wp:featuredmedia":[{"embeddable":true,"href":"https:\/\/jm-metropole.com.br\/site\/wp-json\/wp\/v2\/media\/6969"}],"wp:attachment":[{"href":"https:\/\/jm-metropole.com.br\/site\/wp-json\/wp\/v2\/media?parent=6968"}],"wp:term":[{"taxonomy":"category","embeddable":true,"href":"https:\/\/jm-metropole.com.br\/site\/wp-json\/wp\/v2\/categories?post=6968"},{"taxonomy":"post_tag","embeddable":true,"href":"https:\/\/jm-metropole.com.br\/site\/wp-json\/wp\/v2\/tags?post=6968"}],"curies":[{"name":"wp","href":"https:\/\/api.w.org\/{rel}","templated":true}]}}