{"id":6965,"date":"2023-03-03T12:02:58","date_gmt":"2023-03-03T15:02:58","guid":{"rendered":"https:\/\/jm-metropole.com.br\/site\/?p=6965"},"modified":"2023-03-03T12:02:58","modified_gmt":"2023-03-03T15:02:58","slug":"feira-do-casarao-da-memoria-comeca-neste-sabado","status":"publish","type":"post","link":"https:\/\/jm-metropole.com.br\/site\/feira-do-casarao-da-memoria-comeca-neste-sabado\/","title":{"rendered":"Feira do Casar\u00e3o da Mem\u00f3ria come\u00e7a neste s\u00e1bado"},"content":{"rendered":"<p dir=\"ltr\">Espa\u00e7o dedicado \u00e0 hist\u00f3ria de Suzano contar\u00e1 com artes alusivas \u00e0 cidade e comidas t\u00edpicas<\/p>\n<p dir=\"ltr\">A Secretaria de Cultura de Suzano oferece \u00e0 popula\u00e7\u00e3o, a partir deste m\u00eas de mar\u00e7o, mais uma op\u00e7\u00e3o de entretenimento para os finais de semana: a Feira do Casar\u00e3o da Mem\u00f3ria. A atra\u00e7\u00e3o, que ser\u00e1 promovida sempre aos s\u00e1bados a partir deste dia 4, entre 10 e 17 horas, promete brindar os frequentadores do espa\u00e7o com uma vis\u00e3o l\u00fadica dos elementos que formam a cultura da cidade. Para acompanhar esse mergulho na hist\u00f3ria de Suzano, ser\u00e3o oferecidas comidas t\u00edpicas do Alto Tiet\u00ea e visitas guiadas ao interior do Casar\u00e3o da Mem\u00f3ria Ant\u00f4nio Marques Figueira, que est\u00e1 localizado na rua Campos Salles, 547, no centro.<\/p>\n<p dir=\"ltr\">No local haver\u00e1 pe\u00e7as de artesanatos, plantas, flores, antiguidades e comidinhas, que ser\u00e3o expostas \u00e0 popula\u00e7\u00e3o e ter\u00e3o a assinatura dos artes\u00e3os integrantes da Associa\u00e7\u00e3o de Artesanato Afetivo Casar\u00e3o, com a curadoria da diretora do Casar\u00e3o da Mem\u00f3ria, Rita Paiva. A estrutura ser\u00e1 montada nos jardins da unidade.<\/p>\n<p dir=\"ltr\">A gastronomia tamb\u00e9m promete agradar o p\u00fablico que for conferir a feira. Entre as op\u00e7\u00f5es no card\u00e1pio, estar\u00e3o o Caf\u00e9zinho Glic\u00e9rio, coado na mesa com chantilly e rapadura; o bolo de cerejeira de chocolate e creme; o sandu\u00edche natural do Tiet\u00ea; e a torta salgada Baruel, de frango com milho caipira.<\/p>\n<p dir=\"ltr\">A diretora Rita Paiva garante que a atra\u00e7\u00e3o ser\u00e1 muito atraente, pois proporcionar\u00e1 possibilidades diversas para os frequentadores se divertirem no espa\u00e7o. \u201cSer\u00e1 uma del\u00edcia para os olhos e para o paladar. Vai agradar quem gosta de produtos artesanais e tamb\u00e9m comest\u00edveis. As pe\u00e7as s\u00e3o feitas por suzanenses muito talentosos e que t\u00eam muito bom gosto. Prepararemos um lugar aconchegante e m\u00e1gico, com trabalhos e guloseimas para l\u00e1 de originais\u201d, refor\u00e7ou Rita.<\/p>\n<p dir=\"ltr\">Na visita guiada ao espa\u00e7o, os visitantes ser\u00e3o convidados a uma viagem pela hist\u00f3ria da cidade, conhecendo o passo a passo da forma\u00e7\u00e3o da sociedade suzanense. Nas salas da unidade, ser\u00e1 poss\u00edvel apreciar os registros da chegada dos imigrantes, os detalhes da emancipa\u00e7\u00e3o do munic\u00edpio, ocorrida em 1949, e o mobili\u00e1rio do gabinete do primeiro prefeito, Abdo Rachid, al\u00e9m da pesquisa sobre o desenvolvimento da imprensa regional.<\/p>\n<p dir=\"ltr\">O secret\u00e1rio municipal de Cultura, o vice-prefeito Walmir Pinto, afirmou que o p\u00fablico que for ao Casar\u00e3o para apreciar a feira n\u00e3o ir\u00e1 se arrepender. \u201cEstamos preparando isso com todo o carinho e posso garantir que o pessoal que visitar o Casar\u00e3o sair\u00e1 satisfeito com essa experi\u00eancia toda. Convido a todos os moradores de Suzano, e de outras cidades tamb\u00e9m, a visitar a feira, conhecer mais de nossa hist\u00f3ria, e se deliciar com as comidas\u201d, finalizou o secret\u00e1rio. Mais informa\u00e7\u00f5es podem ser obtidas pelo telefone (11) 4748 6949.<\/p>\n<p>&nbsp;<\/p>\n<p dir=\"ltr\">Cr\u00e9dito das fotos: Wanderley Costa\/Secop Suzano<\/p>\n","protected":false},"excerpt":{"rendered":"<p>Espa\u00e7o dedicado \u00e0 hist\u00f3ria de Suzano contar\u00e1 com artes alusivas \u00e0 cidade e comidas t\u00edpicas A Secretaria de Cultura de Suzano oferece \u00e0 popula\u00e7\u00e3o, a partir deste m\u00eas de mar\u00e7o, mais uma op\u00e7\u00e3o de entretenimento para os finais de semana: a Feira do Casar\u00e3o da Mem\u00f3ria. A atra\u00e7\u00e3o, que ser\u00e1 promovida sempre aos s\u00e1bados a [&hellip;]<\/p>\n","protected":false},"author":1,"featured_media":6966,"comment_status":"open","ping_status":"open","sticky":false,"template":"","format":"standard","meta":{"footnotes":""},"categories":[9],"tags":[],"class_list":{"0":"post-6965","1":"post","2":"type-post","3":"status-publish","4":"format-standard","5":"has-post-thumbnail","7":"category-suzano"},"_links":{"self":[{"href":"https:\/\/jm-metropole.com.br\/site\/wp-json\/wp\/v2\/posts\/6965","targetHints":{"allow":["GET"]}}],"collection":[{"href":"https:\/\/jm-metropole.com.br\/site\/wp-json\/wp\/v2\/posts"}],"about":[{"href":"https:\/\/jm-metropole.com.br\/site\/wp-json\/wp\/v2\/types\/post"}],"author":[{"embeddable":true,"href":"https:\/\/jm-metropole.com.br\/site\/wp-json\/wp\/v2\/users\/1"}],"replies":[{"embeddable":true,"href":"https:\/\/jm-metropole.com.br\/site\/wp-json\/wp\/v2\/comments?post=6965"}],"version-history":[{"count":1,"href":"https:\/\/jm-metropole.com.br\/site\/wp-json\/wp\/v2\/posts\/6965\/revisions"}],"predecessor-version":[{"id":6967,"href":"https:\/\/jm-metropole.com.br\/site\/wp-json\/wp\/v2\/posts\/6965\/revisions\/6967"}],"wp:featuredmedia":[{"embeddable":true,"href":"https:\/\/jm-metropole.com.br\/site\/wp-json\/wp\/v2\/media\/6966"}],"wp:attachment":[{"href":"https:\/\/jm-metropole.com.br\/site\/wp-json\/wp\/v2\/media?parent=6965"}],"wp:term":[{"taxonomy":"category","embeddable":true,"href":"https:\/\/jm-metropole.com.br\/site\/wp-json\/wp\/v2\/categories?post=6965"},{"taxonomy":"post_tag","embeddable":true,"href":"https:\/\/jm-metropole.com.br\/site\/wp-json\/wp\/v2\/tags?post=6965"}],"curies":[{"name":"wp","href":"https:\/\/api.w.org\/{rel}","templated":true}]}}