{"id":6956,"date":"2023-03-03T11:48:04","date_gmt":"2023-03-03T14:48:04","guid":{"rendered":"https:\/\/jm-metropole.com.br\/site\/?p=6956"},"modified":"2023-03-03T11:48:04","modified_gmt":"2023-03-03T14:48:04","slug":"guararema-libera-vacina-bivalente-contra-a-covid-19-para-pessoas-com-60-anos-ou-mais","status":"publish","type":"post","link":"https:\/\/jm-metropole.com.br\/site\/guararema-libera-vacina-bivalente-contra-a-covid-19-para-pessoas-com-60-anos-ou-mais\/","title":{"rendered":"Guararema libera vacina bivalente contra a Covid-19 para pessoas com 60 anos ou mais"},"content":{"rendered":"<p>Aplica\u00e7\u00e3o da Pfizer Bivalente atinge novo p\u00fablico a partir da pr\u00f3xima segunda-feira (06)<\/p>\n<p>Na pr\u00f3xima segunda-feira (06), a Prefeitura de Guararema dar\u00e1 in\u00edcio \u00e0 segunda fase da vacina\u00e7\u00e3o bivalente contra a Covid-19. A partir desta data, al\u00e9m do grupo priorit\u00e1rio, podem receber o imunizante da Pfizer, que foi enviado \u00e0 cidade pelo Governo do Estado de S\u00e3o Paulo, as pessoas entre 60 e 69 anos de idade.<\/p>\n<p>A vacina\u00e7\u00e3o segue sendo realizada das 8 \u00e0s 18 horas de segunda a sexta-feira e das 9 \u00e0s 12 horas aos s\u00e1bados na Central de Vacina\u00e7\u00e3o Coronav\u00edrus (Cevac), na rua Oswaldo Freire Martins, 10 &#8211; Casa 1; e das 8 \u00e0s 16 horas de segunda \u00e0 sexta-feira na Unidade B\u00e1sica de Sa\u00fade (UBS) do Jardim Dulce, na rua Pedro Alvares Cabral, 36.<\/p>\n<p>Vale lembrar que para receber a Pfizer Bivalente, o recomendado, segundo o Minist\u00e9rio da Sa\u00fade, \u00e9 que as pessoas apresentem o esquema prim\u00e1rio completo de duas doses, (D1 + D2), respeitando o intervalo m\u00ednimo de 4 meses da \u00faltima dose da vacina de Covid recebida, seja ela qual for.<\/p>\n<p>J\u00e1 quem tiver exposi\u00e7\u00e3o recente \u00e0 Covid, ou pessoas na comunidade que tiveram contato com casos suspeitos (ou confirmados) de Covid n\u00e3o devem ser vacinadas durante o per\u00edodo de quarentena.<\/p>\n<p>A popula\u00e7\u00e3o pode tirar d\u00favidas pelos telefones da secretaria municipal de Sa\u00fade de Guararema, (11) 4693.8040; da Central de Vacina\u00e7\u00e3o Coronav\u00edrus, (11) 4693.5103; e da UBS do Jardim Dulce, (11) 4693-4693.<\/p>\n<p>E na hora de se vacinar, \u00e9 preciso levar um documento com foto contendo o n\u00famero do CPF (original) e o Cart\u00e3o Nacional de Sa\u00fade (original). Caso se aplique, \u00e9 preciso levar tamb\u00e9m o comprovante de imunossuprimido (que pode ser uma receita do medicamento utilizado), e se houver, a carteira de vacina\u00e7\u00e3o da Covid-19 (opcional).<\/p>\n","protected":false},"excerpt":{"rendered":"<p>Aplica\u00e7\u00e3o da Pfizer Bivalente atinge novo p\u00fablico a partir da pr\u00f3xima segunda-feira (06) Na pr\u00f3xima segunda-feira (06), a Prefeitura de Guararema dar\u00e1 in\u00edcio \u00e0 segunda fase da vacina\u00e7\u00e3o bivalente contra a Covid-19. A partir desta data, al\u00e9m do grupo priorit\u00e1rio, podem receber o imunizante da Pfizer, que foi enviado \u00e0 cidade pelo Governo do Estado [&hellip;]<\/p>\n","protected":false},"author":1,"featured_media":6957,"comment_status":"open","ping_status":"open","sticky":false,"template":"","format":"standard","meta":{"footnotes":""},"categories":[8],"tags":[],"class_list":{"0":"post-6956","1":"post","2":"type-post","3":"status-publish","4":"format-standard","5":"has-post-thumbnail","7":"category-guararema"},"_links":{"self":[{"href":"https:\/\/jm-metropole.com.br\/site\/wp-json\/wp\/v2\/posts\/6956","targetHints":{"allow":["GET"]}}],"collection":[{"href":"https:\/\/jm-metropole.com.br\/site\/wp-json\/wp\/v2\/posts"}],"about":[{"href":"https:\/\/jm-metropole.com.br\/site\/wp-json\/wp\/v2\/types\/post"}],"author":[{"embeddable":true,"href":"https:\/\/jm-metropole.com.br\/site\/wp-json\/wp\/v2\/users\/1"}],"replies":[{"embeddable":true,"href":"https:\/\/jm-metropole.com.br\/site\/wp-json\/wp\/v2\/comments?post=6956"}],"version-history":[{"count":1,"href":"https:\/\/jm-metropole.com.br\/site\/wp-json\/wp\/v2\/posts\/6956\/revisions"}],"predecessor-version":[{"id":6958,"href":"https:\/\/jm-metropole.com.br\/site\/wp-json\/wp\/v2\/posts\/6956\/revisions\/6958"}],"wp:featuredmedia":[{"embeddable":true,"href":"https:\/\/jm-metropole.com.br\/site\/wp-json\/wp\/v2\/media\/6957"}],"wp:attachment":[{"href":"https:\/\/jm-metropole.com.br\/site\/wp-json\/wp\/v2\/media?parent=6956"}],"wp:term":[{"taxonomy":"category","embeddable":true,"href":"https:\/\/jm-metropole.com.br\/site\/wp-json\/wp\/v2\/categories?post=6956"},{"taxonomy":"post_tag","embeddable":true,"href":"https:\/\/jm-metropole.com.br\/site\/wp-json\/wp\/v2\/tags?post=6956"}],"curies":[{"name":"wp","href":"https:\/\/api.w.org\/{rel}","templated":true}]}}