{"id":6949,"date":"2023-03-03T08:04:21","date_gmt":"2023-03-03T11:04:21","guid":{"rendered":"https:\/\/jm-metropole.com.br\/site\/?p=6949"},"modified":"2023-03-03T08:04:21","modified_gmt":"2023-03-03T11:04:21","slug":"cultura-divulga-programacao-do-festival-de-musica-poa-2023","status":"publish","type":"post","link":"https:\/\/jm-metropole.com.br\/site\/cultura-divulga-programacao-do-festival-de-musica-poa-2023\/","title":{"rendered":"Cultura divulga programa\u00e7\u00e3o do \u201cFestival de M\u00fasica Po\u00e1 2023\u201d"},"content":{"rendered":"<p>Artistas sobem ao palco do Teatro Municipal \u201cTur\u00edbio Ruiz\u201d nos dias 3,4,5 e 19 de mar\u00e7o<\/p>\n<p>A Secretaria de Cultura de Po\u00e1 divulgou nesta quinta-feira (2\/03), a programa\u00e7\u00e3o de apresenta\u00e7\u00f5es do \u201cFestival de M\u00fasica Po\u00e1 2023\u201d. O tradicional evento reconhecido em toda a regi\u00e3o do Alto Tiet\u00ea contar\u00e1 com 51 artistas divididos em cinco grupos de categorias musicais, que concorrer\u00e3o com uma m\u00fasica autoral e in\u00e9dita.<\/p>\n<p>O evento inicia nesta sexta-feira (3\/03), a partir das 18 horas, com as apresenta\u00e7\u00f5es dos integrantes dos Grupos 2, 4 e 5 que \u00e9 composto por: Richard Antsistema, Maria Preta, Los Primos, Levii MC, Ed Matos, Keep, Le\u00e3os da Quebrada, Mistura da Cor, MC LK, Lauro &amp; Henrique, Porte Perif\u00e9rico, Martinha e Tiro de Informa\u00e7\u00e3o.<\/p>\n<p>J\u00e1 no s\u00e1bado (4\/03), a partir das 15 horas, os artistas do Grupo 3 composto por: Raphael Belchior e Banda, Isa Nicole, Rode, Centro da Adora\u00e7\u00e3o, Blue Jay, Lari Nogueira, Dudu Fusco, Dimas Feliciano, Judson Leme, Well Teodoro, Leo Fonseca, Banda Nativo Urbanizado, Ramilson Maia e Henrik Willians, Banda Hevogan, Jorge Darr\u00f4, Andr\u00e9 Bastos, Jabes Gilearde e Elcyr Carreira, sobem ao palco.<\/p>\n<p>Por fim, no domingo (5\/03), a partir das 13 horas, o Grupo 1 conta com as apresenta\u00e7\u00f5es dos artistas, Banda um Encanto de M\u00fasica, Al\u00e9m do Verso, Adriano Zenery, Banda o Plano, Cristoilma e Bando do Karvalho, The Stakeholders, Tonny Marcel, Banda Spectro, Magno e os Caras, Dirty Socks, Mahuta, Vanessa Kim, Z\u00e9, Jhony Uriel, Renato Ignacio e Banda, Yagu Iuna e Juliana Orthz, Fah Carvalho, Last Wolfers, Rinas Franscisco &amp; Lucas Morais, Lucas Brito e Jhony Uriel.<\/p>\n<p>A grande final do \u201cFestival de M\u00fasica Po\u00e1 2023\u201d \u00e9 realizada no dia 19 de mar\u00e7o, onde ser\u00e3o distribu\u00eddos R$12 mil em premia\u00e7\u00e3o aos vencedores de cada categoria, sendo R$ 5 mil para o primeiro colocado, R$ 3 mil para o segundo e R$ 1 mil para o terceiro, al\u00e9m de mil reais para os vencedores das categorias, melhor letra, melhor int\u00e9rprete e primeiro lugar no voto popular.<\/p>\n<p>\u201cNestes tr\u00eas primeiros dias ser\u00e1 realizada a fase de elimina\u00e7\u00e3o do concurso. Aqueles que avan\u00e7arem desta etapa retornam para a grande final no dia 19 de mar\u00e7o. Sobretudo, fa\u00e7o um convite aos nossos mun\u00edcipes para que compare\u00e7am e prestigiem nossos artistas, tenho certeza de que ser\u00e3o belos espet\u00e1culos\u201d, afirma o o chefe da Pasta de Cultura, Ariel Borges.<\/p>\n<p>O \u201cFestival de M\u00fasica Po\u00e1 2023\u201d ser\u00e1 realizado no Teatro Municipal \u201cTur\u00edbio Ruiz\u201d, localizado na avenida Ant\u00f4nio Massa, n\u00ba 331, Centro.<\/p>\n<p>PROGRAMA\u00c7\u00c3O:<br \/>\nDIA 3 (SEXTA-FEIRA) &#8211; A PARTIR DAS 18H &#8211; GRUPOS 2, 4 E 5<br \/>\nRichard Antsistema<br \/>\nMaria Preta<br \/>\nLos Primos<br \/>\nLevii MC<br \/>\nEd Matos<br \/>\nKeep<br \/>\nLe\u00e3os da Quebrada<br \/>\nMistura da Cor<br \/>\nMC LK<br \/>\nLauro &amp; Henrique<br \/>\nPorte Perif\u00e9rico<br \/>\nMartinha<br \/>\nTiro de Informa\u00e7\u00e3o<\/p>\n<p>DIA 4 (S\u00c1BADO) &#8211; A PARTIR DAS 15H &#8211; GRUPO 3<br \/>\nRaphael Belchior e Banda<br \/>\nIsa Nicole<br \/>\nRode<br \/>\nCentro da Adora\u00e7\u00e3o<br \/>\nBlue Jay<br \/>\nLari Nogueira<br \/>\nDudu Fusco<br \/>\nDimas Feliciano<br \/>\nJudson Leme<br \/>\nWell Teodoro<br \/>\nLeo Fonseca<br \/>\nBanda Nativo Urbanizado<br \/>\nRamilson Maia e Henrik Willians<br \/>\nBanda Hevogan<br \/>\nJorge Darr\u00f4<br \/>\nAndr\u00e9 Bastos<br \/>\nJabes Gilearde<br \/>\nElcyr Carreira<\/p>\n<p>DIA 5 (DOMINGO) \u2013 A PARTIR DAS 13H &#8211; GRUPO 1<br \/>\nBanda um Encanto de M\u00fasica<br \/>\nAl\u00e9m do Verso<br \/>\nAdriano Zenery<br \/>\nBanda o Plano<br \/>\nCristoilma e Bando do Karvalho<br \/>\nThe Stakeholders<br \/>\nTonny Marcel<br \/>\nBanda Spectro<br \/>\nMagno e os Caras<br \/>\nDirty Socks<br \/>\nMahuta<br \/>\nVanessa Kim<br \/>\nZ\u00e9<br \/>\nJhony Uriel<br \/>\nRenato Ignacio e Banda<br \/>\nYagu Iuna e Juliana Orthz<br \/>\nFah Carvalho<br \/>\nLast Wolfers<br \/>\nRinas Franscisco &amp; Lucas Morais<br \/>\nLucas Brito<\/p>\n<p>Foto: Ronaldo Andrade \/ Arquivo Secom \u2013 Po\u00e1<\/p>\n","protected":false},"excerpt":{"rendered":"<p>Artistas sobem ao palco do Teatro Municipal \u201cTur\u00edbio Ruiz\u201d nos dias 3,4,5 e 19 de mar\u00e7o A Secretaria de Cultura de Po\u00e1 divulgou nesta quinta-feira (2\/03), a programa\u00e7\u00e3o de apresenta\u00e7\u00f5es do \u201cFestival de M\u00fasica Po\u00e1 2023\u201d. O tradicional evento reconhecido em toda a regi\u00e3o do Alto Tiet\u00ea contar\u00e1 com 51 artistas divididos em cinco grupos [&hellip;]<\/p>\n","protected":false},"author":1,"featured_media":6950,"comment_status":"open","ping_status":"open","sticky":false,"template":"","format":"standard","meta":{"footnotes":""},"categories":[19],"tags":[],"class_list":{"0":"post-6949","1":"post","2":"type-post","3":"status-publish","4":"format-standard","5":"has-post-thumbnail","7":"category-poa"},"_links":{"self":[{"href":"https:\/\/jm-metropole.com.br\/site\/wp-json\/wp\/v2\/posts\/6949","targetHints":{"allow":["GET"]}}],"collection":[{"href":"https:\/\/jm-metropole.com.br\/site\/wp-json\/wp\/v2\/posts"}],"about":[{"href":"https:\/\/jm-metropole.com.br\/site\/wp-json\/wp\/v2\/types\/post"}],"author":[{"embeddable":true,"href":"https:\/\/jm-metropole.com.br\/site\/wp-json\/wp\/v2\/users\/1"}],"replies":[{"embeddable":true,"href":"https:\/\/jm-metropole.com.br\/site\/wp-json\/wp\/v2\/comments?post=6949"}],"version-history":[{"count":1,"href":"https:\/\/jm-metropole.com.br\/site\/wp-json\/wp\/v2\/posts\/6949\/revisions"}],"predecessor-version":[{"id":6951,"href":"https:\/\/jm-metropole.com.br\/site\/wp-json\/wp\/v2\/posts\/6949\/revisions\/6951"}],"wp:featuredmedia":[{"embeddable":true,"href":"https:\/\/jm-metropole.com.br\/site\/wp-json\/wp\/v2\/media\/6950"}],"wp:attachment":[{"href":"https:\/\/jm-metropole.com.br\/site\/wp-json\/wp\/v2\/media?parent=6949"}],"wp:term":[{"taxonomy":"category","embeddable":true,"href":"https:\/\/jm-metropole.com.br\/site\/wp-json\/wp\/v2\/categories?post=6949"},{"taxonomy":"post_tag","embeddable":true,"href":"https:\/\/jm-metropole.com.br\/site\/wp-json\/wp\/v2\/tags?post=6949"}],"curies":[{"name":"wp","href":"https:\/\/api.w.org\/{rel}","templated":true}]}}