{"id":6944,"date":"2023-03-03T08:00:43","date_gmt":"2023-03-03T11:00:43","guid":{"rendered":"https:\/\/jm-metropole.com.br\/site\/?p=6944"},"modified":"2023-03-03T08:00:43","modified_gmt":"2023-03-03T11:00:43","slug":"cebeap-realiza-feira-de-adocao-de-caes-e-gatos-nesta-quinta-feira-na-praca-da-biblia","status":"publish","type":"post","link":"https:\/\/jm-metropole.com.br\/site\/cebeap-realiza-feira-de-adocao-de-caes-e-gatos-nesta-quinta-feira-na-praca-da-biblia\/","title":{"rendered":"CEBEAP realiza feira de ado\u00e7\u00e3o de c\u00e3es e gatos nesta quinta-feira na Pra\u00e7a da B\u00edblia"},"content":{"rendered":"<p>A\u00e7\u00e3o \u00e9 realizada das 09 \u00e0s 14 horas, em parceria com a ONG Instituto Uni\u00e3o Paulista de Prote\u00e7\u00e3o Animal e Ambiental<\/p>\n<p>A Secretaria de Sa\u00fade de Po\u00e1, por meio do Centro de Bem-Estar Animal (Cebeap), em parceria com a Ong IUPAA (Instituto Uni\u00e3o Paulista de Prote\u00e7\u00e3o Animal e Ambiental), realiza nesta quinta-feira (2\/03), uma feira de ado\u00e7\u00e3o de c\u00e3es e gatos. A\u00e7\u00e3o ser\u00e1 realizada na Pra\u00e7a da B\u00edblia das 09 \u00e0s 14 horas.<\/p>\n<p>Para realizar a ado\u00e7\u00e3o \u00e9 necess\u00e1rio que o interessado seja maior de 21 anos, apresente o RG, CPF e um comprovante de endere\u00e7o, al\u00e9m de passar por uma entrevista com a m\u00e9dica veterin\u00e1ria.<\/p>\n<p>\u201cAdotar um animalzinho trata-se de uma grande responsabilidade, eles necessitam de cuidados e aten\u00e7\u00e3o. Com esta feira, esperamos encontrar um novo lar para cada pet dispon\u00edvel para ado\u00e7\u00e3o, tenho certeza que ser\u00e3o excelentes companhias para aqueles que os acolherem\u201d, afirma o secret\u00e1rio de Sa\u00fade, Alexandre Provisor.<\/p>\n<p>A feira de ado\u00e7\u00e3o de c\u00e3es e gatos desta quinta-feira (2\/03) ser\u00e1 realizada das 09 \u00e0s 14 horas, na Pra\u00e7a da B\u00edblia, localizada na rua Vicente Guida, s\/n, Centro. Para obter mais informa\u00e7\u00f5es sobre a ado\u00e7\u00e3o dos pets, basta comparecer ao Cebeap, localizado na Rua S\u00e3o Manoel, n\u00ba361, Vila Am\u00e9lia ou ligar para o telefone 4638-1330, de segunda a sexta-feira, das 8 as 12 e das 13 \u00e0s 17 horas.<\/p>\n<p>Foto: Edem Junior \/ Secom &#8211; Po\u00e1<\/p>\n","protected":false},"excerpt":{"rendered":"<p>A\u00e7\u00e3o \u00e9 realizada das 09 \u00e0s 14 horas, em parceria com a ONG Instituto Uni\u00e3o Paulista de Prote\u00e7\u00e3o Animal e Ambiental A Secretaria de Sa\u00fade de Po\u00e1, por meio do Centro de Bem-Estar Animal (Cebeap), em parceria com a Ong IUPAA (Instituto Uni\u00e3o Paulista de Prote\u00e7\u00e3o Animal e Ambiental), realiza nesta quinta-feira (2\/03), uma feira [&hellip;]<\/p>\n","protected":false},"author":1,"featured_media":6945,"comment_status":"open","ping_status":"open","sticky":false,"template":"","format":"standard","meta":{"footnotes":""},"categories":[19],"tags":[],"class_list":{"0":"post-6944","1":"post","2":"type-post","3":"status-publish","4":"format-standard","5":"has-post-thumbnail","7":"category-poa"},"_links":{"self":[{"href":"https:\/\/jm-metropole.com.br\/site\/wp-json\/wp\/v2\/posts\/6944","targetHints":{"allow":["GET"]}}],"collection":[{"href":"https:\/\/jm-metropole.com.br\/site\/wp-json\/wp\/v2\/posts"}],"about":[{"href":"https:\/\/jm-metropole.com.br\/site\/wp-json\/wp\/v2\/types\/post"}],"author":[{"embeddable":true,"href":"https:\/\/jm-metropole.com.br\/site\/wp-json\/wp\/v2\/users\/1"}],"replies":[{"embeddable":true,"href":"https:\/\/jm-metropole.com.br\/site\/wp-json\/wp\/v2\/comments?post=6944"}],"version-history":[{"count":1,"href":"https:\/\/jm-metropole.com.br\/site\/wp-json\/wp\/v2\/posts\/6944\/revisions"}],"predecessor-version":[{"id":6946,"href":"https:\/\/jm-metropole.com.br\/site\/wp-json\/wp\/v2\/posts\/6944\/revisions\/6946"}],"wp:featuredmedia":[{"embeddable":true,"href":"https:\/\/jm-metropole.com.br\/site\/wp-json\/wp\/v2\/media\/6945"}],"wp:attachment":[{"href":"https:\/\/jm-metropole.com.br\/site\/wp-json\/wp\/v2\/media?parent=6944"}],"wp:term":[{"taxonomy":"category","embeddable":true,"href":"https:\/\/jm-metropole.com.br\/site\/wp-json\/wp\/v2\/categories?post=6944"},{"taxonomy":"post_tag","embeddable":true,"href":"https:\/\/jm-metropole.com.br\/site\/wp-json\/wp\/v2\/tags?post=6944"}],"curies":[{"name":"wp","href":"https:\/\/api.w.org\/{rel}","templated":true}]}}