{"id":6923,"date":"2023-03-02T13:51:30","date_gmt":"2023-03-02T16:51:30","guid":{"rendered":"https:\/\/jm-metropole.com.br\/site\/?p=6923"},"modified":"2023-03-02T13:51:30","modified_gmt":"2023-03-02T16:51:30","slug":"governo-de-sao-paulo-retira-obrigatoriedade-do-uso-de-mascara-no-transporte-publico","status":"publish","type":"post","link":"https:\/\/jm-metropole.com.br\/site\/governo-de-sao-paulo-retira-obrigatoriedade-do-uso-de-mascara-no-transporte-publico\/","title":{"rendered":"Governo de S\u00e3o Paulo retira obrigatoriedade do uso de m\u00e1scara no transporte p\u00fablico"},"content":{"rendered":"<p>Recomendada pelo Comit\u00ea Cient\u00edfico, medida valer\u00e1 a partir da publica\u00e7\u00e3o do decreto<\/p>\n<p>O Governo de S\u00e3o Paulo, ap\u00f3s reuni\u00e3o do Comit\u00ea Cient\u00edfico, decidiu pela retirada da obrigatoriedade do uso de m\u00e1scara no transporte p\u00fablico em todo o Estado. A medida prev\u00ea que o uso passe a ser recomendado, principalmente para p\u00fablicos de risco espec\u00edficos e passa a valer a partir da publica\u00e7\u00e3o no Di\u00e1rio Oficial do Estado, que deve ocorrer nesta sexta-feira. A decis\u00e3o est\u00e1 em conson\u00e2ncia com a da Ag\u00eancia Nacional de Vigil\u00e2ncia Sanit\u00e1ria (Anvisa) em desobrigar o uso do item em portos e aeroportos do Pa\u00eds, anunciada nesta semana.<\/p>\n<p>O uso de m\u00e1scara segue obrigat\u00f3rio nos servi\u00e7os de sa\u00fade de todo o Estado, seja ele p\u00fablico, privado ou filantr\u00f3pico. Al\u00e9m disso, segue sendo especialmente importante o seu uso em transporte p\u00fablico por:<\/p>\n<p>\u2022 Pessoas com mais de 65 anos de idade;<br \/>\n\u2022 Pessoas com alguma imunodefici\u00eancia;<br \/>\n\u2022 Pessoas com comorbidades;<br \/>\n\u2022 Pessoas com sintomas respirat\u00f3rios.<\/p>\n<p>O Comit\u00ea, assim como a Secretaria de Estado da Sa\u00fade, vem monitorando a evolu\u00e7\u00e3o da pandemia diariamente com base nos indicadores de casos e interna\u00e7\u00f5es, inclusive, considerando o impacto causado pelas festas de carnaval que, at\u00e9 o momento, n\u00e3o sugerem aumento significativo e que coloquem em risco o sistema de sa\u00fade p\u00fablico do Estado.<\/p>\n<p>\u201cN\u00f3s reconhecemos a import\u00e2ncia das m\u00e1scaras e a sua efic\u00e1cia, principalmente na transmiss\u00e3o de doen\u00e7as respirat\u00f3rias. Entretanto, diante dos dados apresentados pelo Comit\u00ea, \u00e9 seguro neste momento a retirada do equipamento sem prejudicar os servi\u00e7os de sa\u00fade\u201d, completou o secret\u00e1rio de Estado da Sa\u00fade, Eleuses Paiva.<\/p>\n<p>Al\u00e9m dos \u00edndices de casos e interna\u00e7\u00f5es, destaca-se tamb\u00e9m os altos \u00edndices de vacina\u00e7\u00e3o do Estado de S\u00e3o Paulo. At\u00e9 esta quinta-feira (2), foram aplicadas mais de 129,5 milh\u00f5es de doses e 90,7% da popula\u00e7\u00e3o acima de 6 meses de idade est\u00e3o com esquema vacinal completo.<\/p>\n","protected":false},"excerpt":{"rendered":"<p>Recomendada pelo Comit\u00ea Cient\u00edfico, medida valer\u00e1 a partir da publica\u00e7\u00e3o do decreto O Governo de S\u00e3o Paulo, ap\u00f3s reuni\u00e3o do Comit\u00ea Cient\u00edfico, decidiu pela retirada da obrigatoriedade do uso de m\u00e1scara no transporte p\u00fablico em todo o Estado. A medida prev\u00ea que o uso passe a ser recomendado, principalmente para p\u00fablicos de risco espec\u00edficos e [&hellip;]<\/p>\n","protected":false},"author":1,"featured_media":6924,"comment_status":"open","ping_status":"open","sticky":false,"template":"","format":"standard","meta":{"footnotes":""},"categories":[48],"tags":[],"class_list":{"0":"post-6923","1":"post","2":"type-post","3":"status-publish","4":"format-standard","5":"has-post-thumbnail","7":"category-geral"},"_links":{"self":[{"href":"https:\/\/jm-metropole.com.br\/site\/wp-json\/wp\/v2\/posts\/6923","targetHints":{"allow":["GET"]}}],"collection":[{"href":"https:\/\/jm-metropole.com.br\/site\/wp-json\/wp\/v2\/posts"}],"about":[{"href":"https:\/\/jm-metropole.com.br\/site\/wp-json\/wp\/v2\/types\/post"}],"author":[{"embeddable":true,"href":"https:\/\/jm-metropole.com.br\/site\/wp-json\/wp\/v2\/users\/1"}],"replies":[{"embeddable":true,"href":"https:\/\/jm-metropole.com.br\/site\/wp-json\/wp\/v2\/comments?post=6923"}],"version-history":[{"count":1,"href":"https:\/\/jm-metropole.com.br\/site\/wp-json\/wp\/v2\/posts\/6923\/revisions"}],"predecessor-version":[{"id":6925,"href":"https:\/\/jm-metropole.com.br\/site\/wp-json\/wp\/v2\/posts\/6923\/revisions\/6925"}],"wp:featuredmedia":[{"embeddable":true,"href":"https:\/\/jm-metropole.com.br\/site\/wp-json\/wp\/v2\/media\/6924"}],"wp:attachment":[{"href":"https:\/\/jm-metropole.com.br\/site\/wp-json\/wp\/v2\/media?parent=6923"}],"wp:term":[{"taxonomy":"category","embeddable":true,"href":"https:\/\/jm-metropole.com.br\/site\/wp-json\/wp\/v2\/categories?post=6923"},{"taxonomy":"post_tag","embeddable":true,"href":"https:\/\/jm-metropole.com.br\/site\/wp-json\/wp\/v2\/tags?post=6923"}],"curies":[{"name":"wp","href":"https:\/\/api.w.org\/{rel}","templated":true}]}}