{"id":6903,"date":"2023-03-02T11:09:51","date_gmt":"2023-03-02T14:09:51","guid":{"rendered":"https:\/\/jm-metropole.com.br\/site\/?p=6903"},"modified":"2023-03-02T11:09:51","modified_gmt":"2023-03-02T14:09:51","slug":"governador-vistoria-as-obras-de-recuperacao-da-rodovia-mogi-bertioga","status":"publish","type":"post","link":"https:\/\/jm-metropole.com.br\/site\/governador-vistoria-as-obras-de-recuperacao-da-rodovia-mogi-bertioga\/","title":{"rendered":"Governador vistoria as obras de recupera\u00e7\u00e3o da rodovia Mogi-Bertioga"},"content":{"rendered":"<div class=\"col-sm-8 col-md-9 col-lg-9\">\n<div id=\"conteudo\" class=\"conteudo\">\n<p>O governador Tarc\u00edsio de Freitas visitou, no in\u00edcio da tarde desta quarta-feira (01\/03), as obras de recupera\u00e7\u00e3o da rodovia Mogi-Bertioga. A via est\u00e1 interditada desde \u00a0o dia 19 de fevereiro devido \u00e0 eros\u00e3o no quil\u00f4metro 82, causada pelas fortes chuvas registradas durante o \u00faltimo Carnaval. Durante a vistoria, o governador anunciou a previs\u00e3o de antecipa\u00e7\u00e3o da libera\u00e7\u00e3o parcial da via. Esta foi a primeira visita do governador \u00e0 Mogi das Cruzes.<\/p>\n<p>\u201cEstimo que no final do m\u00eas de mar\u00e7o a gente j\u00e1 pode estar liberando a rodovia, ao menos parcialmente. J\u00e1 foi feito o trabalho de recupera\u00e7\u00e3o da drenagem. A gente ainda tem uma estrutura de conten\u00e7\u00e3o para ser feita. Estamos na parte de base, est\u00e1 sendo aplicado a\u00ed o rach\u00e3o. A gente est\u00e1 usando bastante pedra, um volume de 3 mil metros c\u00fabicos aqui\u201d, explicou Tarc\u00edsio de Freitas.<\/p>\n<p>O chefe de Gabinete da Prefeitura de Mogi das Cruzes, Gabriel Bastianelli, e o secret\u00e1rio municipal de Governo, Maur\u00edcio Juvenal, acompanharam a vistoria, que tamb\u00e9m teve a participa\u00e7\u00e3o da secret\u00e1ria estadual de Meio Ambiente, Infraestrutura e Log\u00edstica, Nat\u00e1lia Resende, al\u00e9m dos vereadores Marcos Furlan (presidente da C\u00e2mara Municipal de Mogi das Cruzes), Jos\u00e9 Luiz Furtado, Juliano Botelho, Mauro de Assis Margarido e Otto Rezende, assim como do secret\u00e1rio municipal de Esporte e Lazer, Gustavo Nogueira.<\/p>\n<p>As obras no quil\u00f4metro 82 foram iniciadas no dia 21 de fevereiro e t\u00eam investimento de R$ 9,4 milh\u00f5es. No local, est\u00e3o sendo feitos servi\u00e7os de reconstru\u00e7\u00e3o da pista, implanta\u00e7\u00e3o de um novo sistema de drenagem e de novo muro de arrimo, al\u00e9m de outras estruturas para preven\u00e7\u00e3o de problemas causados por fortes chuvas. A previs\u00e3o \u00e9 que os trabalhos sejam conclu\u00eddos em at\u00e9 seis meses, com previs\u00e3o de libera\u00e7\u00e3o parcial da rodovia em cerca de dois meses.<\/p>\n<p>O prefeito Caio Cunha vem acompanhando de perto as obras da rodovia Mogi-Bertioga junto ao Governo do Estado e tem cobrado celeridade nas obras e uma solu\u00e7\u00e3o para os problemas causados pelas chuvas na via.<\/p>\n<p>\u201cA rodovia Mogi-Bertioga \u00e9 a principal liga\u00e7\u00e3o entre Mogi das Cruzes e a regi\u00e3o do Alto Tiet\u00ea com o litoral. Por ela, al\u00e9m dos turistas aos finais de semana e feriados, passam diariamente trabalhadores e estudantes. Al\u00e9m disso, \u00e9 uma rota para o escoamento da produ\u00e7\u00e3o de nossa cidade. A visita do governador Tarc\u00edsio de Freitas para acompanhar o trabalho que vem sendo feito pelo DER \u00e9 bastante positiva e mostra a import\u00e2ncia desta recupera\u00e7\u00e3o\u201d, afirmou Caio Cunha.<\/p>\n<p>Durante o per\u00edodo de interdi\u00e7\u00e3o completa da rodovia Mogi-Bertioga, a liga\u00e7\u00e3o entre Mogi das Cruzes e a Baixada Santista deve ser feita pelo Sistema Anchieta\/Imigrantes. J\u00e1 para a viagem entre a cidade e o Litoral Norte, a principal op\u00e7\u00e3o \u00e9 a rodovia dos Tamoios.<\/p>\n<p>Ap\u00f3s vistoriar a rodovia Mogi-Bertioga, o governador seguiu para o Litoral Norte, para acompanhar as interven\u00e7\u00f5es que est\u00e3o sendo feitas para a recupera\u00e7\u00e3o da regi\u00e3o e o atendimento \u00e0 popula\u00e7\u00e3o afetada pela trag\u00e9dia causada pelas chuvas do \u00faltimo dia 18 de fevereiro.<\/p>\n<p>&nbsp;<\/p>\n<div class=\"text-center\"><\/div>\n<\/div>\n<\/div>\n","protected":false},"excerpt":{"rendered":"<p>O governador Tarc\u00edsio de Freitas visitou, no in\u00edcio da tarde desta quarta-feira (01\/03), as obras de recupera\u00e7\u00e3o da rodovia Mogi-Bertioga. A via est\u00e1 interditada desde \u00a0o dia 19 de fevereiro devido \u00e0 eros\u00e3o no quil\u00f4metro 82, causada pelas fortes chuvas registradas durante o \u00faltimo Carnaval. Durante a vistoria, o governador anunciou a previs\u00e3o de antecipa\u00e7\u00e3o [&hellip;]<\/p>\n","protected":false},"author":1,"featured_media":6904,"comment_status":"open","ping_status":"open","sticky":false,"template":"","format":"standard","meta":{"footnotes":""},"categories":[10],"tags":[],"class_list":{"0":"post-6903","1":"post","2":"type-post","3":"status-publish","4":"format-standard","5":"has-post-thumbnail","7":"category-mogi-das-cruzes"},"_links":{"self":[{"href":"https:\/\/jm-metropole.com.br\/site\/wp-json\/wp\/v2\/posts\/6903","targetHints":{"allow":["GET"]}}],"collection":[{"href":"https:\/\/jm-metropole.com.br\/site\/wp-json\/wp\/v2\/posts"}],"about":[{"href":"https:\/\/jm-metropole.com.br\/site\/wp-json\/wp\/v2\/types\/post"}],"author":[{"embeddable":true,"href":"https:\/\/jm-metropole.com.br\/site\/wp-json\/wp\/v2\/users\/1"}],"replies":[{"embeddable":true,"href":"https:\/\/jm-metropole.com.br\/site\/wp-json\/wp\/v2\/comments?post=6903"}],"version-history":[{"count":1,"href":"https:\/\/jm-metropole.com.br\/site\/wp-json\/wp\/v2\/posts\/6903\/revisions"}],"predecessor-version":[{"id":6905,"href":"https:\/\/jm-metropole.com.br\/site\/wp-json\/wp\/v2\/posts\/6903\/revisions\/6905"}],"wp:featuredmedia":[{"embeddable":true,"href":"https:\/\/jm-metropole.com.br\/site\/wp-json\/wp\/v2\/media\/6904"}],"wp:attachment":[{"href":"https:\/\/jm-metropole.com.br\/site\/wp-json\/wp\/v2\/media?parent=6903"}],"wp:term":[{"taxonomy":"category","embeddable":true,"href":"https:\/\/jm-metropole.com.br\/site\/wp-json\/wp\/v2\/categories?post=6903"},{"taxonomy":"post_tag","embeddable":true,"href":"https:\/\/jm-metropole.com.br\/site\/wp-json\/wp\/v2\/tags?post=6903"}],"curies":[{"name":"wp","href":"https:\/\/api.w.org\/{rel}","templated":true}]}}