{"id":690,"date":"2022-05-09T20:56:34","date_gmt":"2022-05-09T23:56:34","guid":{"rendered":"https:\/\/jm-metropole.com.br\/site\/?p=690"},"modified":"2022-05-12T20:50:36","modified_gmt":"2022-05-12T23:50:36","slug":"governo-de-sp-entrega-36-veiculos-e-maquinarios-para-a-regiao-metropolitana","status":"publish","type":"post","link":"https:\/\/jm-metropole.com.br\/site\/governo-de-sp-entrega-36-veiculos-e-maquinarios-para-a-regiao-metropolitana\/","title":{"rendered":"Governo de SP entrega 36 ve\u00edculos e maquin\u00e1rios para a regi\u00e3o metropolitana"},"content":{"rendered":"<p><em>Governador tamb\u00e9m entregou viaturas da Defesa Civil e inaugurou Esta\u00e7\u00e3o Elevat\u00f3ria de Esgoto da Sabesp<\/em><\/p>\n<p>O governador Rodrigo Garcia entregou nesta segunda-feira (9), em Tabo\u00e3o da Serra, 36 ve\u00edculos e maquin\u00e1rios do Programa Nova Frota \u2013 SP N\u00e3o Para destinados a munic\u00edpios da regi\u00e3o metropolitana de S\u00e3o Paulo.<br \/>\n\u201cN\u00f3s estamos fazendo a entrega do Programa Nova Frota: ambul\u00e2ncias, caminh\u00f5es, tratores, equipamentos de estradas rurais. S\u00e3o 36 equipamentos destinados aos oito munic\u00edpios aqui da regi\u00e3o, que ser\u00e3o entregues hoje para cada prefeitura\u201d, disse Rodrigo Garcia.<br \/>\n<img loading=\"lazy\" decoding=\"async\" class=\"alignleft size-medium wp-image-691\" src=\"https:\/\/jm-metropole.com.br\/site\/wp-content\/uploads\/2022\/05\/WhatsApp-Image-2022-05-10-at-19.18.44-1-300x226.jpeg\" alt=\"\" width=\"300\" height=\"226\" srcset=\"https:\/\/jm-metropole.com.br\/site\/wp-content\/uploads\/2022\/05\/WhatsApp-Image-2022-05-10-at-19.18.44-1-300x226.jpeg 300w, https:\/\/jm-metropole.com.br\/site\/wp-content\/uploads\/2022\/05\/WhatsApp-Image-2022-05-10-at-19.18.44-1-150x113.jpeg 150w, https:\/\/jm-metropole.com.br\/site\/wp-content\/uploads\/2022\/05\/WhatsApp-Image-2022-05-10-at-19.18.44-1.jpeg 645w\" sizes=\"auto, (max-width: 300px) 100vw, 300px\" \/>As a\u00e7\u00f5es foram anunciadas durante a iniciativa Governo na \u00c1rea, que busca intensificar as rela\u00e7\u00f5es institucionais entre o Governo do Estado, Prefeituras e C\u00e2maras Municipais, al\u00e9m de ampliar a transpar\u00eancia das a\u00e7\u00f5es governamentais \u00e0 popula\u00e7\u00e3o.<br \/>\nEntre os ve\u00edculos e maquin\u00e1rios do Programa Nova Frota SP N\u00e3o Para, est\u00e3o ambul\u00e2ncias, vans, caminh\u00f5es de coleta seletiva e caminh\u00f5es-pipa, al\u00e9m de m\u00e1quinas pesadas como tratores, motoniveladoras, trituradores de galhos de grande porte e retroescavadeiras, ve\u00edculos e maquin\u00e1rios essenciais para a presta\u00e7\u00e3o de servi\u00e7os aos cidad\u00e3os.<br \/>\nCom investimento superior a R$ 12 milh\u00f5es, os ve\u00edculos e maquin\u00e1rios foram entregues a oito munic\u00edpios. A remessa faz parte dos mais de 3 mil equipamentos essenciais para presta\u00e7\u00e3o de servi\u00e7os municipais que ser\u00e3o disponibilizados pelo Estado.<br \/>\nO governador tamb\u00e9m entregou quatro ve\u00edculos 4\u00d72 da Defesa Civil Estadual aos munic\u00edpios de Cotia, Embu-Gua\u00e7u, Vargem Grande Paulista, S\u00e3o Louren\u00e7o da Serra. Al\u00e9m disso, cada munic\u00edpio receber\u00e1 ainda kits de equipamentos de acordo com as demandas operacionais locais, como motosserras, tenda, trip\u00e9s de ilumina\u00e7\u00e3o, holofotes, lanternas, capacetes, megafones, abafadores, entre outros. O investimento total desta entrega \u00e9 de cerca de R$ 450 mil.<br \/>\nDurante o evento, o governador inaugurou ainda as obras do sistema de esgotamento sanit\u00e1rio de Itapecerica da Serra, onde foram implantadas uma esta\u00e7\u00e3o elevat\u00f3ria de esgoto e redes coletoras, bem como a execu\u00e7\u00e3o de liga\u00e7\u00f5es domiciliares.<br \/>\nCom investimentos de R$ 10,8 milh\u00f5es, os trabalhos realizados atendem diretamente 3,2 mil moradores dos bairros Vale da Uni\u00e3o e Santa J\u00falia, beneficiando tamb\u00e9m o meio ambiente da regi\u00e3o.<\/p>\n","protected":false},"excerpt":{"rendered":"<p>Governador tamb\u00e9m entregou viaturas da Defesa Civil e inaugurou Esta\u00e7\u00e3o Elevat\u00f3ria de Esgoto da Sabesp O governador Rodrigo Garcia entregou nesta segunda-feira (9), em Tabo\u00e3o da Serra, 36 ve\u00edculos e maquin\u00e1rios do Programa Nova Frota \u2013 SP N\u00e3o Para destinados a munic\u00edpios da regi\u00e3o metropolitana de S\u00e3o Paulo. \u201cN\u00f3s estamos fazendo a entrega do Programa [&hellip;]<\/p>\n","protected":false},"author":1,"featured_media":692,"comment_status":"open","ping_status":"open","sticky":false,"template":"","format":"standard","meta":{"footnotes":""},"categories":[2,16],"tags":[],"class_list":{"0":"post-690","1":"post","2":"type-post","3":"status-publish","4":"format-standard","5":"has-post-thumbnail","7":"category-cidades","8":"category-seguranca"},"_links":{"self":[{"href":"https:\/\/jm-metropole.com.br\/site\/wp-json\/wp\/v2\/posts\/690","targetHints":{"allow":["GET"]}}],"collection":[{"href":"https:\/\/jm-metropole.com.br\/site\/wp-json\/wp\/v2\/posts"}],"about":[{"href":"https:\/\/jm-metropole.com.br\/site\/wp-json\/wp\/v2\/types\/post"}],"author":[{"embeddable":true,"href":"https:\/\/jm-metropole.com.br\/site\/wp-json\/wp\/v2\/users\/1"}],"replies":[{"embeddable":true,"href":"https:\/\/jm-metropole.com.br\/site\/wp-json\/wp\/v2\/comments?post=690"}],"version-history":[{"count":1,"href":"https:\/\/jm-metropole.com.br\/site\/wp-json\/wp\/v2\/posts\/690\/revisions"}],"predecessor-version":[{"id":693,"href":"https:\/\/jm-metropole.com.br\/site\/wp-json\/wp\/v2\/posts\/690\/revisions\/693"}],"wp:featuredmedia":[{"embeddable":true,"href":"https:\/\/jm-metropole.com.br\/site\/wp-json\/wp\/v2\/media\/692"}],"wp:attachment":[{"href":"https:\/\/jm-metropole.com.br\/site\/wp-json\/wp\/v2\/media?parent=690"}],"wp:term":[{"taxonomy":"category","embeddable":true,"href":"https:\/\/jm-metropole.com.br\/site\/wp-json\/wp\/v2\/categories?post=690"},{"taxonomy":"post_tag","embeddable":true,"href":"https:\/\/jm-metropole.com.br\/site\/wp-json\/wp\/v2\/tags?post=690"}],"curies":[{"name":"wp","href":"https:\/\/api.w.org\/{rel}","templated":true}]}}