{"id":6897,"date":"2023-03-02T07:50:15","date_gmt":"2023-03-02T10:50:15","guid":{"rendered":"https:\/\/jm-metropole.com.br\/site\/?p=6897"},"modified":"2023-03-02T07:50:15","modified_gmt":"2023-03-02T10:50:15","slug":"fundo-social-de-solidariedade-de-aruja-lanca-parceria-com-comercio-e-empresas-pela-loja-vale-reciclar","status":"publish","type":"post","link":"https:\/\/jm-metropole.com.br\/site\/fundo-social-de-solidariedade-de-aruja-lanca-parceria-com-comercio-e-empresas-pela-loja-vale-reciclar\/","title":{"rendered":"FUNDO SOCIAL DE SOLIDARIEDADE DE ARUJ\u00c1 LAN\u00c7A PARCERIA COM COM\u00c9RCIO E EMPRESAS PELA LOJA \u2018VALE RECICLAR\u2019"},"content":{"rendered":"<p>O Fundo Social de Solidariedade de Aruj\u00e1, pelo projeto Vale Reciclar, lan\u00e7ou na manh\u00e3 desta segunda-feira (27), em sua sede na avenida Amazonas, 743, no Centro, uma proposta de parceria para comerciantes, empres\u00e1rios e ind\u00fastrias, que queiram auxiliar a cidade a promover ainda mais a reciclagem.<\/p>\n<p>A presidente do Fundo Social de Aruj\u00e1 e primeira-dama, Clau Camargo, explicou que os comerciantes ou empres\u00e1rios, que quiserem aderir ao programa, conceder\u00e3o \u201cvouchers\u201d de desconto em produtos ou servi\u00e7os, de acordo com a quantidade de material recicl\u00e1vel arrecadado para a Loja Vale Reciclar (localizada no Fundo Social), e ganhar\u00e3o um Selo Verde para identificar a loja ou empresa participante. Os materiais ser\u00e3o encaminhados para a Cooperativa de Reciclagem de Aruj\u00e1 (Cora). \u201cContamos com a colabora\u00e7\u00e3o de todos, pois com esta parceria todos s\u00f3 temos a ganhar: o meio ambiente, a cidade, o empres\u00e1rio e o mun\u00edcipe\u201d, explicou.<\/p>\n<p>Para mais informa\u00e7\u00f5es sobre o programa, ligue para (11) 4651-4097 (Fundo Social de Solidariedade de Aruj\u00e1).<\/p>\n","protected":false},"excerpt":{"rendered":"<p>O Fundo Social de Solidariedade de Aruj\u00e1, pelo projeto Vale Reciclar, lan\u00e7ou na manh\u00e3 desta segunda-feira (27), em sua sede na avenida Amazonas, 743, no Centro, uma proposta de parceria para comerciantes, empres\u00e1rios e ind\u00fastrias, que queiram auxiliar a cidade a promover ainda mais a reciclagem. A presidente do Fundo Social de Aruj\u00e1 e primeira-dama, [&hellip;]<\/p>\n","protected":false},"author":1,"featured_media":6898,"comment_status":"open","ping_status":"open","sticky":false,"template":"","format":"standard","meta":{"footnotes":""},"categories":[4],"tags":[],"class_list":{"0":"post-6897","1":"post","2":"type-post","3":"status-publish","4":"format-standard","5":"has-post-thumbnail","7":"category-aruja"},"_links":{"self":[{"href":"https:\/\/jm-metropole.com.br\/site\/wp-json\/wp\/v2\/posts\/6897","targetHints":{"allow":["GET"]}}],"collection":[{"href":"https:\/\/jm-metropole.com.br\/site\/wp-json\/wp\/v2\/posts"}],"about":[{"href":"https:\/\/jm-metropole.com.br\/site\/wp-json\/wp\/v2\/types\/post"}],"author":[{"embeddable":true,"href":"https:\/\/jm-metropole.com.br\/site\/wp-json\/wp\/v2\/users\/1"}],"replies":[{"embeddable":true,"href":"https:\/\/jm-metropole.com.br\/site\/wp-json\/wp\/v2\/comments?post=6897"}],"version-history":[{"count":1,"href":"https:\/\/jm-metropole.com.br\/site\/wp-json\/wp\/v2\/posts\/6897\/revisions"}],"predecessor-version":[{"id":6899,"href":"https:\/\/jm-metropole.com.br\/site\/wp-json\/wp\/v2\/posts\/6897\/revisions\/6899"}],"wp:featuredmedia":[{"embeddable":true,"href":"https:\/\/jm-metropole.com.br\/site\/wp-json\/wp\/v2\/media\/6898"}],"wp:attachment":[{"href":"https:\/\/jm-metropole.com.br\/site\/wp-json\/wp\/v2\/media?parent=6897"}],"wp:term":[{"taxonomy":"category","embeddable":true,"href":"https:\/\/jm-metropole.com.br\/site\/wp-json\/wp\/v2\/categories?post=6897"},{"taxonomy":"post_tag","embeddable":true,"href":"https:\/\/jm-metropole.com.br\/site\/wp-json\/wp\/v2\/tags?post=6897"}],"curies":[{"name":"wp","href":"https:\/\/api.w.org\/{rel}","templated":true}]}}