{"id":6892,"date":"2023-03-01T17:18:46","date_gmt":"2023-03-01T20:18:46","guid":{"rendered":"https:\/\/jm-metropole.com.br\/site\/?p=6892"},"modified":"2023-03-01T17:18:46","modified_gmt":"2023-03-01T20:18:46","slug":"censo-municipal-de-guararema-tem-inicio-nesta-quarta-feira-01","status":"publish","type":"post","link":"https:\/\/jm-metropole.com.br\/site\/censo-municipal-de-guararema-tem-inicio-nesta-quarta-feira-01\/","title":{"rendered":"Censo Municipal de Guararema tem in\u00edcio nesta quarta-feira (01)"},"content":{"rendered":"<p>Agentes devidamente uniformizados v\u00e3o \u00e0s ruas para ouvir os cidad\u00e3os e conhecer melhor as necessidades da cidade<\/p>\n<p>A Prefeitura de Guararema d\u00e1 in\u00edcio nesta quarta-feira (01) ao Censo Municipal 2023. Isso quer dizer que recenseadores v\u00e3o percorrer as ruas da cidade para ouvir os cidad\u00e3os e coletar dados que possibilitem a prioriza\u00e7\u00e3o de investimentos e a promo\u00e7\u00e3o de mais agilidade no atendimento dos servi\u00e7os prestados.<\/p>\n<p>Com um question\u00e1rio em m\u00e3os, agentes devidamente uniformizados com camiseta, bon\u00e9, colete e crach\u00e1 com a logomarca do Censo Municipal e da Prefeitura, v\u00e3o \u00e0s ruas no esquema \u201cporta a porta\u201d entre as 08h30 e 16h30.<\/p>\n<p>Para participar \u00e9 simples e f\u00e1cil. Basta um respons\u00e1vel informar os dados de todos que moram na resid\u00eancia, sem a necessidade de apresentar documentos ou que todos estejam presentes.<\/p>\n<p>Nas primeiras semanas, ser\u00e3o atendidos os conjuntos Ing\u00e1, Jacarand\u00e1, Jatob\u00e1 e Peroba, no bairro Nogueira; as ruas Roberto Feij\u00f3, Olavo Bilac, Casemiro de Abreu, Adhemar de Barros, Amazonas, L\u00e1zaro Germano e Karl Rausch, no Itapema; e o Conjunto Habitacional Gerb\u00e1sio Marcelino, no Ipiranga.<\/p>\n<p>J\u00e1 no Centro, recebem as equipes os moradores das ruas Dr. Silva Pinto, Marcondes Flores, Bela Vista, Santo Ant\u00f4nio, Jurandir, Pedro de Toledo, Padre Corn\u00e9lio, Bras\u00edlio Freire, Benedita Fonseca Freire, Pl\u00ednio Freire, 19 de Setembro e Capit\u00e3o Alberto Weissohn.<br \/>\nTodos os mun\u00edcipes s\u00e3o notificados previamente sobre a passagem do programa, por meio de um aviso deixado em cada resid\u00eancia, e os locais de cobertura da a\u00e7\u00e3o tamb\u00e9m s\u00e3o divulgados pelos canais oficiais da Prefeitura.<\/p>\n<p>Para confirmar a identidade do entrevistador, e se ele est\u00e1 cadastrado na equipe do Censo Municipal, os mun\u00edcipes podem escanear o QR Code que consta no crach\u00e1 oficial. A lista completa com os nomes dos profissionais envolvidos \u2013 e tamb\u00e9m outras informa\u00e7\u00f5es \u2013 est\u00e3o dispon\u00edveis no site oficial do programa https:\/\/censomunicipal.guararema.sp.gov.br\/.<\/p>\n<p>Os moradores tamb\u00e9m ter\u00e3o a possibilidade de agendar a visita do entrevistador pelo site, clicando em \u201cagendar atendimento\u201d, pelo e-mail censo.guararema@gmail.com e pelo WhatsApp (11) 99871-8196, enviando uma mensagem com endere\u00e7o, nome e CPF.<\/p>\n","protected":false},"excerpt":{"rendered":"<p>Agentes devidamente uniformizados v\u00e3o \u00e0s ruas para ouvir os cidad\u00e3os e conhecer melhor as necessidades da cidade A Prefeitura de Guararema d\u00e1 in\u00edcio nesta quarta-feira (01) ao Censo Municipal 2023. Isso quer dizer que recenseadores v\u00e3o percorrer as ruas da cidade para ouvir os cidad\u00e3os e coletar dados que possibilitem a prioriza\u00e7\u00e3o de investimentos e [&hellip;]<\/p>\n","protected":false},"author":1,"featured_media":6893,"comment_status":"open","ping_status":"open","sticky":false,"template":"","format":"standard","meta":{"footnotes":""},"categories":[8],"tags":[],"class_list":{"0":"post-6892","1":"post","2":"type-post","3":"status-publish","4":"format-standard","5":"has-post-thumbnail","7":"category-guararema"},"_links":{"self":[{"href":"https:\/\/jm-metropole.com.br\/site\/wp-json\/wp\/v2\/posts\/6892","targetHints":{"allow":["GET"]}}],"collection":[{"href":"https:\/\/jm-metropole.com.br\/site\/wp-json\/wp\/v2\/posts"}],"about":[{"href":"https:\/\/jm-metropole.com.br\/site\/wp-json\/wp\/v2\/types\/post"}],"author":[{"embeddable":true,"href":"https:\/\/jm-metropole.com.br\/site\/wp-json\/wp\/v2\/users\/1"}],"replies":[{"embeddable":true,"href":"https:\/\/jm-metropole.com.br\/site\/wp-json\/wp\/v2\/comments?post=6892"}],"version-history":[{"count":1,"href":"https:\/\/jm-metropole.com.br\/site\/wp-json\/wp\/v2\/posts\/6892\/revisions"}],"predecessor-version":[{"id":6894,"href":"https:\/\/jm-metropole.com.br\/site\/wp-json\/wp\/v2\/posts\/6892\/revisions\/6894"}],"wp:featuredmedia":[{"embeddable":true,"href":"https:\/\/jm-metropole.com.br\/site\/wp-json\/wp\/v2\/media\/6893"}],"wp:attachment":[{"href":"https:\/\/jm-metropole.com.br\/site\/wp-json\/wp\/v2\/media?parent=6892"}],"wp:term":[{"taxonomy":"category","embeddable":true,"href":"https:\/\/jm-metropole.com.br\/site\/wp-json\/wp\/v2\/categories?post=6892"},{"taxonomy":"post_tag","embeddable":true,"href":"https:\/\/jm-metropole.com.br\/site\/wp-json\/wp\/v2\/tags?post=6892"}],"curies":[{"name":"wp","href":"https:\/\/api.w.org\/{rel}","templated":true}]}}