{"id":6886,"date":"2023-03-01T15:48:09","date_gmt":"2023-03-01T18:48:09","guid":{"rendered":"https:\/\/jm-metropole.com.br\/site\/?p=6886"},"modified":"2023-03-01T15:48:09","modified_gmt":"2023-03-01T18:48:09","slug":"prefeitura-celebra-o-mes-da-mulher-com-a-entrega-de-certificados-de-cursos-e-palestras","status":"publish","type":"post","link":"https:\/\/jm-metropole.com.br\/site\/prefeitura-celebra-o-mes-da-mulher-com-a-entrega-de-certificados-de-cursos-e-palestras\/","title":{"rendered":"Prefeitura celebra o M\u00eas da Mulher com a entrega de certificados de cursos e palestras \u00a0"},"content":{"rendered":"<p>A Prefeitura de Guarulhos celebra na pr\u00f3xima\u00a0quarta-feira (8) o Dia Internacional da Mulher com o evento \u201cMulheres de Atitude: Donas da sua Pr\u00f3pria Hist\u00f3ria\u201d, \u00e0s 9h, no audit\u00f3rio da Secretaria de Educa\u00e7\u00e3o (rua Claudino Barbosa, 313, Macedo), onde ser\u00e3o entregues os certificado \u00e0s participantes dos cursos profissionalizantes do projeto De Bem Com a Vida, promovidos pela Subsecretaria de Pol\u00edticas para as Mulheres em parceria com o governo federal em 2022.<\/p>\n<p>O evento contar\u00e1 ainda com a palestra Conquistas e Desafios, ministrada pela instrutora de medita\u00e7\u00e3o, planejamento estrat\u00e9gico e marketing pessoal \u00c2ngela Lessa. Al\u00e9m disso, ao longo do m\u00eas a subsecretaria promover\u00e1 25 palestras em seus equipamentos, empresas e espa\u00e7os p\u00fablicos sobre viol\u00eancia\u00a0dom\u00e9stica, relacionamento abusivo, empreendedorismo feminino, desafio de ser m\u00e3e solo, conquistas femininas na hist\u00f3ria, entre outros temas. A programa\u00e7\u00e3o completa pode ser consultada no link\u00a0https:\/\/bit.ly\/MulheresAgenda.<br \/>\nPara a subsecret\u00e1ria Verinha Souza, o tema escolhido neste ano destaca a import\u00e2ncia do empoderamento e do empreendedorismo da mulher. \u201cAlgumas mulheres alcan\u00e7aram posi\u00e7\u00e3o de destaque empreendendo no mundo dos neg\u00f3cios, por\u00e9m todas elas s\u00e3o especiais e dessa forma devem ser tratadas com respeito e equidade\u201d, ressaltou.<\/p>\n<p>8 de mar\u00e7o<br \/>\nO Dia Internacional da Mulher, celebrado em\u00a08 de mar\u00e7o, resulta de uma combina\u00e7\u00e3o de fatos, lutas e reivindica\u00e7\u00f5es femininas por melhores condi\u00e7\u00f5es de trabalho, direitos sociais e pol\u00edticos, principalmente nos EUA e Europa a partir da\u00a0segunda\u00a0metade do s\u00e9culo XIX at\u00e9 as primeiras d\u00e9cadas do s\u00e9culo XX.<\/p>\n<p>Nessa data, em 1857, trabalhadores da ind\u00fastria t\u00eaxtil de Nova Iorque fizeram greve por melhores condi\u00e7\u00f5es de trabalho e igualdade de direitos trabalhistas para as mulheres e foram violentamente reprimidos pela pol\u00edcia. Em 1908, tamb\u00e9m em\u00a08 de mar\u00e7o, trabalhadoras do com\u00e9rcio de agulhas de Nova Iorque fizeram uma manifesta\u00e7\u00e3o para lembrar o movimento de 51 anos antes e exigir o voto feminino e o fim do trabalho infantil. Novamente houve repress\u00e3o policial.<\/p>\n<p>Tr\u00eas anos mais tarde, no dia\u00a025 de mar\u00e7o de 1911, 145 trabalhadores, na maioria mulheres, morreram queimados num inc\u00eandio de uma f\u00e1brica de tecidos nova-iorquina. As mortes ocorreram em fun\u00e7\u00e3o de prec\u00e1rias condi\u00e7\u00f5es de seguran\u00e7a no local e ocasionaram mudan\u00e7as nas legisla\u00e7\u00f5es trabalhistas e de seguran\u00e7a no trabalho, o que resultou em melhoria nas condi\u00e7\u00f5es laborais para as norte-americanas.<br \/>\nEm 1977\u00a0o Dia Internacional da Mulher\u00a0foi oficialmente criado pela Organiza\u00e7\u00e3o das Na\u00e7\u00f5es Unidas (ONU).<\/p>\n","protected":false},"excerpt":{"rendered":"<p>A Prefeitura de Guarulhos celebra na pr\u00f3xima\u00a0quarta-feira (8) o Dia Internacional da Mulher com o evento \u201cMulheres de Atitude: Donas da sua Pr\u00f3pria Hist\u00f3ria\u201d, \u00e0s 9h, no audit\u00f3rio da Secretaria de Educa\u00e7\u00e3o (rua Claudino Barbosa, 313, Macedo), onde ser\u00e3o entregues os certificado \u00e0s participantes dos cursos profissionalizantes do projeto De Bem Com a Vida, promovidos [&hellip;]<\/p>\n","protected":false},"author":1,"featured_media":6887,"comment_status":"open","ping_status":"open","sticky":false,"template":"","format":"standard","meta":{"footnotes":""},"categories":[3],"tags":[],"class_list":{"0":"post-6886","1":"post","2":"type-post","3":"status-publish","4":"format-standard","5":"has-post-thumbnail","7":"category-guarulhos"},"_links":{"self":[{"href":"https:\/\/jm-metropole.com.br\/site\/wp-json\/wp\/v2\/posts\/6886","targetHints":{"allow":["GET"]}}],"collection":[{"href":"https:\/\/jm-metropole.com.br\/site\/wp-json\/wp\/v2\/posts"}],"about":[{"href":"https:\/\/jm-metropole.com.br\/site\/wp-json\/wp\/v2\/types\/post"}],"author":[{"embeddable":true,"href":"https:\/\/jm-metropole.com.br\/site\/wp-json\/wp\/v2\/users\/1"}],"replies":[{"embeddable":true,"href":"https:\/\/jm-metropole.com.br\/site\/wp-json\/wp\/v2\/comments?post=6886"}],"version-history":[{"count":1,"href":"https:\/\/jm-metropole.com.br\/site\/wp-json\/wp\/v2\/posts\/6886\/revisions"}],"predecessor-version":[{"id":6888,"href":"https:\/\/jm-metropole.com.br\/site\/wp-json\/wp\/v2\/posts\/6886\/revisions\/6888"}],"wp:featuredmedia":[{"embeddable":true,"href":"https:\/\/jm-metropole.com.br\/site\/wp-json\/wp\/v2\/media\/6887"}],"wp:attachment":[{"href":"https:\/\/jm-metropole.com.br\/site\/wp-json\/wp\/v2\/media?parent=6886"}],"wp:term":[{"taxonomy":"category","embeddable":true,"href":"https:\/\/jm-metropole.com.br\/site\/wp-json\/wp\/v2\/categories?post=6886"},{"taxonomy":"post_tag","embeddable":true,"href":"https:\/\/jm-metropole.com.br\/site\/wp-json\/wp\/v2\/tags?post=6886"}],"curies":[{"name":"wp","href":"https:\/\/api.w.org\/{rel}","templated":true}]}}