{"id":6876,"date":"2023-03-01T14:48:18","date_gmt":"2023-03-01T17:48:18","guid":{"rendered":"https:\/\/jm-metropole.com.br\/site\/?p=6876"},"modified":"2023-03-01T14:55:18","modified_gmt":"2023-03-01T17:55:18","slug":"conselho-municipal-dos-direitos-do-idoso-elege-novos-representantes-em-santa-isabel","status":"publish","type":"post","link":"https:\/\/jm-metropole.com.br\/site\/conselho-municipal-dos-direitos-do-idoso-elege-novos-representantes-em-santa-isabel\/","title":{"rendered":"CONSELHO MUNICIPAL DOS DIREITOS DO IDOSO ELEGE NOVOS REPRESENTANTES EM SANTA ISABEL"},"content":{"rendered":"<p>A Elei\u00e7\u00e3o da Sociedade Civil contou com a participa\u00e7\u00e3o de 7 entidades do munic\u00edpio.<\/p>\n<p>O Conselho Municipal dos Direitos do Idoso de Santa Isabel elegeu os novos representantes, durante a Elei\u00e7\u00e3o da Sociedade Civil, que ocorreu no dia 17 de fevereiro, na sede da Secretaria Municipal de Desenvolvimento Social.<\/p>\n<p>Ao todo participaram sete entidades do munic\u00edpio e foram eleitas seis, sendo elas: Centro de Conviv\u00eancia do Idoso (55 votos), Ordem dos Advogados do Brasil &#8211; OAB (55 votos), Lar do Velhinho Professora Laura Fr\u00fagoli (38 votos), Lar S\u00e3o Vicente de Paulo (36 votos), N\u00facleo Filantr\u00f3pico Pal\u00e1cio da Fraternidade (34 votos) e Associa\u00e7\u00e3o dos Aposentados (34 votos).<\/p>\n<p>A Associa\u00e7\u00e3o Afro Brasileira recebeu 15 votos e foi atribu\u00edda ao cargo de suplente.<\/p>\n<p>J\u00e1 o novo presidente e vice-presidente, al\u00e9m de secret\u00e1rios executivos foram empossados em dia 28\/02, sendo escolhidos respectivamente:<\/p>\n<p>Elaine Raris (representante do CCI); Carla Alves (representante do CCI) e Talita Fernandes (representante do \u00f3rg\u00e3o gestor de apoio).<\/p>\n","protected":false},"excerpt":{"rendered":"<p>A Elei\u00e7\u00e3o da Sociedade Civil contou com a participa\u00e7\u00e3o de 7 entidades do munic\u00edpio. O Conselho Municipal dos Direitos do Idoso de Santa Isabel elegeu os novos representantes, durante a Elei\u00e7\u00e3o da Sociedade Civil, que ocorreu no dia 17 de fevereiro, na sede da Secretaria Municipal de Desenvolvimento Social. Ao todo participaram sete entidades do [&hellip;]<\/p>\n","protected":false},"author":1,"featured_media":6879,"comment_status":"open","ping_status":"open","sticky":false,"template":"","format":"standard","meta":{"footnotes":""},"categories":[5],"tags":[],"class_list":{"0":"post-6876","1":"post","2":"type-post","3":"status-publish","4":"format-standard","5":"has-post-thumbnail","7":"category-santa-isabel"},"_links":{"self":[{"href":"https:\/\/jm-metropole.com.br\/site\/wp-json\/wp\/v2\/posts\/6876","targetHints":{"allow":["GET"]}}],"collection":[{"href":"https:\/\/jm-metropole.com.br\/site\/wp-json\/wp\/v2\/posts"}],"about":[{"href":"https:\/\/jm-metropole.com.br\/site\/wp-json\/wp\/v2\/types\/post"}],"author":[{"embeddable":true,"href":"https:\/\/jm-metropole.com.br\/site\/wp-json\/wp\/v2\/users\/1"}],"replies":[{"embeddable":true,"href":"https:\/\/jm-metropole.com.br\/site\/wp-json\/wp\/v2\/comments?post=6876"}],"version-history":[{"count":1,"href":"https:\/\/jm-metropole.com.br\/site\/wp-json\/wp\/v2\/posts\/6876\/revisions"}],"predecessor-version":[{"id":6878,"href":"https:\/\/jm-metropole.com.br\/site\/wp-json\/wp\/v2\/posts\/6876\/revisions\/6878"}],"wp:featuredmedia":[{"embeddable":true,"href":"https:\/\/jm-metropole.com.br\/site\/wp-json\/wp\/v2\/media\/6879"}],"wp:attachment":[{"href":"https:\/\/jm-metropole.com.br\/site\/wp-json\/wp\/v2\/media?parent=6876"}],"wp:term":[{"taxonomy":"category","embeddable":true,"href":"https:\/\/jm-metropole.com.br\/site\/wp-json\/wp\/v2\/categories?post=6876"},{"taxonomy":"post_tag","embeddable":true,"href":"https:\/\/jm-metropole.com.br\/site\/wp-json\/wp\/v2\/tags?post=6876"}],"curies":[{"name":"wp","href":"https:\/\/api.w.org\/{rel}","templated":true}]}}