{"id":6873,"date":"2023-03-01T14:40:15","date_gmt":"2023-03-01T17:40:15","guid":{"rendered":"https:\/\/jm-metropole.com.br\/site\/?p=6873"},"modified":"2023-03-01T14:40:15","modified_gmt":"2023-03-01T17:40:15","slug":"mais-uma-etapa-da-entrega-de-oculos-para-os-alunos-da-rede-municipal-programa-saude-na-escola","status":"publish","type":"post","link":"https:\/\/jm-metropole.com.br\/site\/mais-uma-etapa-da-entrega-de-oculos-para-os-alunos-da-rede-municipal-programa-saude-na-escola\/","title":{"rendered":"MAIS UMA ETAPA DA ENTREGA DE \u00d3CULOS PARA OS ALUNOS DA REDE MUNICIPAL &#8211; \u201cPROGRAMA + SA\u00daDE NA ESCOLA\u201d"},"content":{"rendered":"<p>A Prefeitura de Aruj\u00e1 realizou, nesta ter\u00e7a-feira (28), mais uma entrega de \u00f3culos do Programa &#8220;Mais Sa\u00fade nas Escolas&#8221; aos alunos da rede municipal.<\/p>\n<p>Desta vez foi feita a entrega dos \u00f3culos na Escola Municipal (EMEIA) &#8220;Vereadora Jupira Maria do Carmo Figueiredo&#8221; na avenida Amazonas.<br \/>\nO prefeito Dr Camargo conversou com pais, professores e as crian\u00e7as sobre os benef\u00edcios do Programa &#8220;Mais Sa\u00fade nas Escolas&#8221;.<\/p>\n<p>&#8220;J\u00e1 foram entregues, pela Prefeitura de Aruj\u00e1 mais de 700 \u00f3culos para os aluninhos identificados com algum problema de vis\u00e3o, devendo esse n\u00famero chegar a 850. Foram avaliados todos os cerca de 10 mil estudantes, do pr\u00e9 ao 5\u00b0 ano do Ensino Fundamental de Aruj\u00e1&#8221;, afirmou o prefeito.<br \/>\nEle completou: &#8220;Realizamos em toda a rede municipal de ensino, al\u00e9m dos exames de acuidade visual, tamb\u00e9m exames auditivos, parasitol\u00f3gicos e nutricionais, realizando a\u00e7\u00f5es para solucionar os problemas identificados, assegurando a melhoria da sa\u00fade de nossas crian\u00e7as e, por conseguinte, aprimorando o aprendizado escolar&#8221;.<\/p>\n<p>Participaram da entrega os secret\u00e1rios municipais de Sa\u00fade, Leonardo Reis, e de Educa\u00e7\u00e3o, Elaine Gentil.<\/p>\n","protected":false},"excerpt":{"rendered":"<p>A Prefeitura de Aruj\u00e1 realizou, nesta ter\u00e7a-feira (28), mais uma entrega de \u00f3culos do Programa &#8220;Mais Sa\u00fade nas Escolas&#8221; aos alunos da rede municipal. Desta vez foi feita a entrega dos \u00f3culos na Escola Municipal (EMEIA) &#8220;Vereadora Jupira Maria do Carmo Figueiredo&#8221; na avenida Amazonas. O prefeito Dr Camargo conversou com pais, professores e as [&hellip;]<\/p>\n","protected":false},"author":1,"featured_media":6874,"comment_status":"open","ping_status":"open","sticky":false,"template":"","format":"standard","meta":{"footnotes":""},"categories":[4],"tags":[],"class_list":{"0":"post-6873","1":"post","2":"type-post","3":"status-publish","4":"format-standard","5":"has-post-thumbnail","7":"category-aruja"},"_links":{"self":[{"href":"https:\/\/jm-metropole.com.br\/site\/wp-json\/wp\/v2\/posts\/6873","targetHints":{"allow":["GET"]}}],"collection":[{"href":"https:\/\/jm-metropole.com.br\/site\/wp-json\/wp\/v2\/posts"}],"about":[{"href":"https:\/\/jm-metropole.com.br\/site\/wp-json\/wp\/v2\/types\/post"}],"author":[{"embeddable":true,"href":"https:\/\/jm-metropole.com.br\/site\/wp-json\/wp\/v2\/users\/1"}],"replies":[{"embeddable":true,"href":"https:\/\/jm-metropole.com.br\/site\/wp-json\/wp\/v2\/comments?post=6873"}],"version-history":[{"count":1,"href":"https:\/\/jm-metropole.com.br\/site\/wp-json\/wp\/v2\/posts\/6873\/revisions"}],"predecessor-version":[{"id":6875,"href":"https:\/\/jm-metropole.com.br\/site\/wp-json\/wp\/v2\/posts\/6873\/revisions\/6875"}],"wp:featuredmedia":[{"embeddable":true,"href":"https:\/\/jm-metropole.com.br\/site\/wp-json\/wp\/v2\/media\/6874"}],"wp:attachment":[{"href":"https:\/\/jm-metropole.com.br\/site\/wp-json\/wp\/v2\/media?parent=6873"}],"wp:term":[{"taxonomy":"category","embeddable":true,"href":"https:\/\/jm-metropole.com.br\/site\/wp-json\/wp\/v2\/categories?post=6873"},{"taxonomy":"post_tag","embeddable":true,"href":"https:\/\/jm-metropole.com.br\/site\/wp-json\/wp\/v2\/tags?post=6873"}],"curies":[{"name":"wp","href":"https:\/\/api.w.org\/{rel}","templated":true}]}}