{"id":6870,"date":"2023-03-01T13:03:38","date_gmt":"2023-03-01T16:03:38","guid":{"rendered":"https:\/\/jm-metropole.com.br\/site\/?p=6870"},"modified":"2023-03-01T13:03:38","modified_gmt":"2023-03-01T16:03:38","slug":"pessoas-com-deficiencia-participam-de-bloco-inclusivo-de-carnaval-neste-sabado","status":"publish","type":"post","link":"https:\/\/jm-metropole.com.br\/site\/pessoas-com-deficiencia-participam-de-bloco-inclusivo-de-carnaval-neste-sabado\/","title":{"rendered":"Pessoas com defici\u00eancia participam de bloco inclusivo de carnaval neste\u00a0s\u00e1bado \u00a0"},"content":{"rendered":"<p>Pessoas com v\u00e1rios tipos de defici\u00eancia assistidas pela Subsecretaria de Acessibilidade Inclus\u00e3o (SAI) de Guarulhos participam neste\u00a0s\u00e1bado\u00a0(4) da ala inclusiva do Bloco Jacar\u00e9 de Teta, que desfilar\u00e1 \u00e0s 15h30 no Parque Cecap. Esta \u00e9 a\u00a0segunda\u00a0vez que a SAI, integrante da Secretaria de Direitos Humanos, participa desse bloco de Carnaval e estima reunir 200 participantes, entre pessoas com defici\u00eancia e seus acompanhantes.<\/p>\n<p>A ala sair\u00e1 logo atr\u00e1s da bateria e ir\u00e1 se concentrar no Centro Comercial do Parque Cecap a partir das 11h, quando haver\u00e1 a apresenta\u00e7\u00e3o da bateria Supera\u00e7\u00e3o, formada por atendidos das Casas de Davi.<\/p>\n<p>Os assistidos ir\u00e3o desfilar com os abad\u00e1s do Bloco Jacar\u00e9 de Teta que ganharam e customizaram na oficina promovida pela SAI com o apoio da concession\u00e1ria de ve\u00edculos Vigorito na \u00faltima semana.<\/p>\n<p>Os foli\u00f5es da ala inclusiva\u00a0ter\u00e3o \u00e0 disposi\u00e7\u00e3o brinquedos infl\u00e1veis e brincadeiras com bolinha de sab\u00e3o para se divertir no Parque Cecap e ganhar\u00e3o pulseiras para poder visitar o trio el\u00e9trico parado, antes do in\u00edcio do cortejo pelas vias do bairro.<\/p>\n","protected":false},"excerpt":{"rendered":"<p>Pessoas com v\u00e1rios tipos de defici\u00eancia assistidas pela Subsecretaria de Acessibilidade Inclus\u00e3o (SAI) de Guarulhos participam neste\u00a0s\u00e1bado\u00a0(4) da ala inclusiva do Bloco Jacar\u00e9 de Teta, que desfilar\u00e1 \u00e0s 15h30 no Parque Cecap. Esta \u00e9 a\u00a0segunda\u00a0vez que a SAI, integrante da Secretaria de Direitos Humanos, participa desse bloco de Carnaval e estima reunir 200 participantes, entre [&hellip;]<\/p>\n","protected":false},"author":1,"featured_media":6871,"comment_status":"open","ping_status":"open","sticky":false,"template":"","format":"standard","meta":{"footnotes":""},"categories":[3],"tags":[],"class_list":{"0":"post-6870","1":"post","2":"type-post","3":"status-publish","4":"format-standard","5":"has-post-thumbnail","7":"category-guarulhos"},"_links":{"self":[{"href":"https:\/\/jm-metropole.com.br\/site\/wp-json\/wp\/v2\/posts\/6870","targetHints":{"allow":["GET"]}}],"collection":[{"href":"https:\/\/jm-metropole.com.br\/site\/wp-json\/wp\/v2\/posts"}],"about":[{"href":"https:\/\/jm-metropole.com.br\/site\/wp-json\/wp\/v2\/types\/post"}],"author":[{"embeddable":true,"href":"https:\/\/jm-metropole.com.br\/site\/wp-json\/wp\/v2\/users\/1"}],"replies":[{"embeddable":true,"href":"https:\/\/jm-metropole.com.br\/site\/wp-json\/wp\/v2\/comments?post=6870"}],"version-history":[{"count":1,"href":"https:\/\/jm-metropole.com.br\/site\/wp-json\/wp\/v2\/posts\/6870\/revisions"}],"predecessor-version":[{"id":6872,"href":"https:\/\/jm-metropole.com.br\/site\/wp-json\/wp\/v2\/posts\/6870\/revisions\/6872"}],"wp:featuredmedia":[{"embeddable":true,"href":"https:\/\/jm-metropole.com.br\/site\/wp-json\/wp\/v2\/media\/6871"}],"wp:attachment":[{"href":"https:\/\/jm-metropole.com.br\/site\/wp-json\/wp\/v2\/media?parent=6870"}],"wp:term":[{"taxonomy":"category","embeddable":true,"href":"https:\/\/jm-metropole.com.br\/site\/wp-json\/wp\/v2\/categories?post=6870"},{"taxonomy":"post_tag","embeddable":true,"href":"https:\/\/jm-metropole.com.br\/site\/wp-json\/wp\/v2\/tags?post=6870"}],"curies":[{"name":"wp","href":"https:\/\/api.w.org\/{rel}","templated":true}]}}