{"id":6867,"date":"2023-03-01T11:24:18","date_gmt":"2023-03-01T14:24:18","guid":{"rendered":"https:\/\/jm-metropole.com.br\/site\/?p=6867"},"modified":"2023-03-01T11:24:18","modified_gmt":"2023-03-01T14:24:18","slug":"prefeitura-de-guararema-investe-na-capacitacao-de-profissionais-que-atuam-no-pronto-socorro","status":"publish","type":"post","link":"https:\/\/jm-metropole.com.br\/site\/prefeitura-de-guararema-investe-na-capacitacao-de-profissionais-que-atuam-no-pronto-socorro\/","title":{"rendered":"Prefeitura de Guararema investe na capacita\u00e7\u00e3o de profissionais que atuam no pronto-socorro"},"content":{"rendered":"<p>Equipes da Santa Casa de Miseric\u00f3rdia de Guararema receberam forma\u00e7\u00e3o de atualiza\u00e7\u00e3o com t\u00e9cnicas adequadas e seguras para o atendimento de urg\u00eancia e emerg\u00eancia<\/p>\n<p>Para garantir atendimento \u00e1gil e eficiente a todos, a secretaria de Sa\u00fade de Guararema investe constantemente na capacita\u00e7\u00e3o dos profissionais que atuam nas mais diversas \u00e1reas, principalmente na linha de frente. Exemplo disso \u00e9 a mais recente forma\u00e7\u00e3o, voltada \u00e0s equipes atuantes na urg\u00eancia e emerg\u00eancia da Santa Casa de Miseric\u00f3rdia de Guararema.<\/p>\n<p>Ao todo, 31 profissionais que atuam nos prontos-socorros adulto e infantil e na transfer\u00eancia de pacientes graves tiveram acesso a uma a\u00e7\u00e3o de \u201cforma\u00e7\u00e3o continuada para uma capacidade t\u00e9cnica adequada e segura para todos\u201d.<\/p>\n<p>A atividade foi ministrada pelo coordenador m\u00e9dico do Servi\u00e7o de Atendimento M\u00f3vel de Urg\u00eancia (Samu), Milton Luiz Yaekashi, e tamb\u00e9m pelo enfermeiro especializado na \u00e1rea, Jose Luis Pezzuol. Foi utilizada a nova frota de ambul\u00e2ncias de Unidades de Terapia Intensiva (UTI), que contam equipamentos modernos e adequados na assist\u00eancia de urg\u00eancia e foram cedidas pela prefeitura \u00e0 Santa Casa.<\/p>\n<p>\u201cA atua\u00e7\u00e3o na \u00e1rea de urg\u00eancia e emerg\u00eancia requer profissionais capacitados de forma especifica, tanto no manuseio adequado dos v\u00e1rios equipamentos m\u00e9dicos bem como em protocolos assistenciais\u201d, diz a secret\u00e1ria municipal de Sa\u00fade, Adriana Martins, em defesa do treinamento aplicado \u201cnas equipes atuantes na urg\u00eancia e emerg\u00eancia do hospital\u201d.<\/p>\n<p>Aos conselheiros<br \/>\nN\u00e3o apenas quem trabalha nos prontos-socorros de Guararema t\u00eam acesso a atualiza\u00e7\u00f5es. No Centro Universit\u00e1rio Braz Cubas, em Mogi das Cruzes, a Capacita\u00e7\u00e3o para Conselheiros Municipais de Sa\u00fade do Alto Tiet\u00ea, realizada pelo Grupo T\u00e9cnico de Educa\u00e7\u00e3o Permanente e Humaniza\u00e7\u00e3o (GTEPH), contou com a participa\u00e7\u00e3o de mais de 70 conselheiros municipais de sa\u00fade dos munic\u00edpios da regi\u00e3o, sendo eles de Guararema, Aruj\u00e1, Biritiba Mirim, Ferraz de Vasconcelos, Guarulhos, Itaquaquecetuba, Mogi das Cruzes, Po\u00e1, Sales\u00f3polis, Santa Isabel e Suzano.<\/p>\n<p>Entre os representantes de Guararema, marcaram presen\u00e7a 10 membros rec\u00e9m-empossados, que aproveitaram as palestras do m\u00e9dico Davi Eiji Furutani, sobre o funcionamento do Sistema \u00danico de Sa\u00fade (SUS), da assistente social Maria de Jesus, sobre Identidade do Conselheiro de Sa\u00fade e do dentista Denilson Takehiko Toguchi, sobre o financiamento do SUS.<\/p>\n<p>Mais uma vez, a secret\u00e1ria municipal de Sa\u00fade de Guararema, Adriana Martins, defende a atividade. \u201cOs conselhos municipais de sa\u00fade s\u00e3o espa\u00e7os p\u00fablicos de composi\u00e7\u00e3o plural e parit\u00e1ria, cuja fun\u00e7\u00e3o \u00e9 formular e controlar a execu\u00e7\u00e3o das pol\u00edticas p\u00fablicas de sa\u00fade. Por isso a extrema import\u00e2ncia destas capacita\u00e7\u00f5es e encontros que visam prepar\u00e1-los para esta nobre miss\u00e3o\u201d.<\/p>\n","protected":false},"excerpt":{"rendered":"<p>Equipes da Santa Casa de Miseric\u00f3rdia de Guararema receberam forma\u00e7\u00e3o de atualiza\u00e7\u00e3o com t\u00e9cnicas adequadas e seguras para o atendimento de urg\u00eancia e emerg\u00eancia Para garantir atendimento \u00e1gil e eficiente a todos, a secretaria de Sa\u00fade de Guararema investe constantemente na capacita\u00e7\u00e3o dos profissionais que atuam nas mais diversas \u00e1reas, principalmente na linha de frente. [&hellip;]<\/p>\n","protected":false},"author":1,"featured_media":6868,"comment_status":"open","ping_status":"open","sticky":false,"template":"","format":"standard","meta":{"footnotes":""},"categories":[8],"tags":[],"class_list":{"0":"post-6867","1":"post","2":"type-post","3":"status-publish","4":"format-standard","5":"has-post-thumbnail","7":"category-guararema"},"_links":{"self":[{"href":"https:\/\/jm-metropole.com.br\/site\/wp-json\/wp\/v2\/posts\/6867","targetHints":{"allow":["GET"]}}],"collection":[{"href":"https:\/\/jm-metropole.com.br\/site\/wp-json\/wp\/v2\/posts"}],"about":[{"href":"https:\/\/jm-metropole.com.br\/site\/wp-json\/wp\/v2\/types\/post"}],"author":[{"embeddable":true,"href":"https:\/\/jm-metropole.com.br\/site\/wp-json\/wp\/v2\/users\/1"}],"replies":[{"embeddable":true,"href":"https:\/\/jm-metropole.com.br\/site\/wp-json\/wp\/v2\/comments?post=6867"}],"version-history":[{"count":1,"href":"https:\/\/jm-metropole.com.br\/site\/wp-json\/wp\/v2\/posts\/6867\/revisions"}],"predecessor-version":[{"id":6869,"href":"https:\/\/jm-metropole.com.br\/site\/wp-json\/wp\/v2\/posts\/6867\/revisions\/6869"}],"wp:featuredmedia":[{"embeddable":true,"href":"https:\/\/jm-metropole.com.br\/site\/wp-json\/wp\/v2\/media\/6868"}],"wp:attachment":[{"href":"https:\/\/jm-metropole.com.br\/site\/wp-json\/wp\/v2\/media?parent=6867"}],"wp:term":[{"taxonomy":"category","embeddable":true,"href":"https:\/\/jm-metropole.com.br\/site\/wp-json\/wp\/v2\/categories?post=6867"},{"taxonomy":"post_tag","embeddable":true,"href":"https:\/\/jm-metropole.com.br\/site\/wp-json\/wp\/v2\/tags?post=6867"}],"curies":[{"name":"wp","href":"https:\/\/api.w.org\/{rel}","templated":true}]}}