{"id":6864,"date":"2023-03-01T11:22:07","date_gmt":"2023-03-01T14:22:07","guid":{"rendered":"https:\/\/jm-metropole.com.br\/site\/?p=6864"},"modified":"2023-03-01T11:22:07","modified_gmt":"2023-03-01T14:22:07","slug":"governo-do-estado-e-prefeitura-de-itaqua-definem-acoes-para-resolver-problemas-com-alagamentos-na-cidade","status":"publish","type":"post","link":"https:\/\/jm-metropole.com.br\/site\/governo-do-estado-e-prefeitura-de-itaqua-definem-acoes-para-resolver-problemas-com-alagamentos-na-cidade\/","title":{"rendered":"Governo do Estado e Prefeitura de Itaqu\u00e1 definem a\u00e7\u00f5es para resolver problemas com alagamentos na cidade"},"content":{"rendered":"<p>Reuni\u00e3o ocorreu na sede da Secretaria Estadual de Meio Ambiente, Infraestrutura e Log\u00edstica<\/p>\n<p>A Prefeitura de Itaquaquecetuba esteve, na \u00faltima segunda-feira (27), na Secretaria Estadual de Meio Ambiente, Infraestrutura e Log\u00edstica com o objetivo de solucionar os problemas hist\u00f3ricos de alagamentos na cidade.<\/p>\n<p>Ap\u00f3s reuni\u00e3o, foi previamente acertado com o Departamento de \u00c1guas e Energia El\u00e9trica (DAEE) que seja feito um estudo da macro e microdrenagem de toda a cidade para entender melhor os pontos de alagamentos, suas causas e, assim, trabalhar para resolv\u00ea-las. Al\u00e9m disso, haver\u00e1 um cronograma de reuni\u00f5es para acompanhar cada passo.<\/p>\n<p>&#8220;Houve a abertura direta de um canal de comunica\u00e7\u00e3o com o governo estadual e a pr\u00f3pria secret\u00e1ria estadual de Meio Ambiente, Infraestrutura e Log\u00edstica, Nat\u00e1lia Resende, nos recepcionou, o que nunca aconteceu antes na hist\u00f3ria de Itaquaquecetuba&#8221;, contou o prefeito Eduardo Boigues.<\/p>\n<p>Tamb\u00e9m ser\u00e1 feito o compartilhamento entre governo estadual e a prefeitura de informa\u00e7\u00f5es sobre a barragem da Penha para entender seu funcionamento, o quanto de chuva cai e sai de Itaquaquecetuba, e se isso vem causando os problemas. Por fim, ser\u00e1 feito o desassoreamento de todo o lote 4, trecho do Rio Tiet\u00ea que pertence a Itaqu\u00e1.<\/p>\n<p>&#8220;Gra\u00e7as aos compromissos firmados, n\u00e3o precisaremos acionar a Justi\u00e7a porque estamos vendo o quanto o Estado est\u00e1 disposto a colaborar e resolver esse problema na cidade que perdura h\u00e1 anos&#8221;, destacou o secret\u00e1rio de Governo e Obras, Marcello Barbosa, que acompanhou o prefeito durante a agenda com a secret\u00e1ria estadual.<\/p>\n","protected":false},"excerpt":{"rendered":"<p>Reuni\u00e3o ocorreu na sede da Secretaria Estadual de Meio Ambiente, Infraestrutura e Log\u00edstica A Prefeitura de Itaquaquecetuba esteve, na \u00faltima segunda-feira (27), na Secretaria Estadual de Meio Ambiente, Infraestrutura e Log\u00edstica com o objetivo de solucionar os problemas hist\u00f3ricos de alagamentos na cidade. Ap\u00f3s reuni\u00e3o, foi previamente acertado com o Departamento de \u00c1guas e Energia [&hellip;]<\/p>\n","protected":false},"author":1,"featured_media":6865,"comment_status":"open","ping_status":"open","sticky":false,"template":"","format":"standard","meta":{"footnotes":""},"categories":[6],"tags":[],"class_list":{"0":"post-6864","1":"post","2":"type-post","3":"status-publish","4":"format-standard","5":"has-post-thumbnail","7":"category-itaqua"},"_links":{"self":[{"href":"https:\/\/jm-metropole.com.br\/site\/wp-json\/wp\/v2\/posts\/6864","targetHints":{"allow":["GET"]}}],"collection":[{"href":"https:\/\/jm-metropole.com.br\/site\/wp-json\/wp\/v2\/posts"}],"about":[{"href":"https:\/\/jm-metropole.com.br\/site\/wp-json\/wp\/v2\/types\/post"}],"author":[{"embeddable":true,"href":"https:\/\/jm-metropole.com.br\/site\/wp-json\/wp\/v2\/users\/1"}],"replies":[{"embeddable":true,"href":"https:\/\/jm-metropole.com.br\/site\/wp-json\/wp\/v2\/comments?post=6864"}],"version-history":[{"count":1,"href":"https:\/\/jm-metropole.com.br\/site\/wp-json\/wp\/v2\/posts\/6864\/revisions"}],"predecessor-version":[{"id":6866,"href":"https:\/\/jm-metropole.com.br\/site\/wp-json\/wp\/v2\/posts\/6864\/revisions\/6866"}],"wp:featuredmedia":[{"embeddable":true,"href":"https:\/\/jm-metropole.com.br\/site\/wp-json\/wp\/v2\/media\/6865"}],"wp:attachment":[{"href":"https:\/\/jm-metropole.com.br\/site\/wp-json\/wp\/v2\/media?parent=6864"}],"wp:term":[{"taxonomy":"category","embeddable":true,"href":"https:\/\/jm-metropole.com.br\/site\/wp-json\/wp\/v2\/categories?post=6864"},{"taxonomy":"post_tag","embeddable":true,"href":"https:\/\/jm-metropole.com.br\/site\/wp-json\/wp\/v2\/tags?post=6864"}],"curies":[{"name":"wp","href":"https:\/\/api.w.org\/{rel}","templated":true}]}}