{"id":6818,"date":"2023-02-28T07:17:34","date_gmt":"2023-02-28T10:17:34","guid":{"rendered":"https:\/\/jm-metropole.com.br\/site\/?p=6818"},"modified":"2023-02-28T07:17:34","modified_gmt":"2023-02-28T10:17:34","slug":"itaqua-inicia-campanha-de-vacinacao-bivalente-contra-a-covid-19","status":"publish","type":"post","link":"https:\/\/jm-metropole.com.br\/site\/itaqua-inicia-campanha-de-vacinacao-bivalente-contra-a-covid-19\/","title":{"rendered":"Itaqu\u00e1 inicia campanha de vacina\u00e7\u00e3o bivalente contra a Covid-19"},"content":{"rendered":"<p>Aplica\u00e7\u00f5es ocorrem nas unidades b\u00e1sicas de sa\u00fade de segunda a sexta, das 7h \u00e0s 16h<\/p>\n<p>A Secretaria de Sa\u00fade de Itaquaquecetuba iniciou, nesta segunda-feira (27), a aplica\u00e7\u00e3o do imunizante bivalente da Pfizer. Nesta etapa, a vacina\u00e7\u00e3o contempla grupos priorit\u00e1rios, conforme cronograma do Minist\u00e9rio da Sa\u00fade. As aplica\u00e7\u00f5es ocorrem nas unidades b\u00e1sicas de sa\u00fade de segunda a sexta, das 7h \u00e0s 16h.<\/p>\n<p>Podem se vacinar pessoas com 70 anos ou mais, vivendo em institui\u00e7\u00e3o de longa perman\u00eancia com 12 anos ou mais, abrigados e trabalhadores de institui\u00e7\u00e3o de longa perman\u00eancia, imunocomprometidos com 12 anos ou mais e integrantes de comunidades ind\u00edgenas, ribeirinhas e quilombolas com 12 anos ou mais.<\/p>\n<p>Para receber o imunizante \u00e9 necess\u00e1rio ter recebido pelo menos duas doses da vacina e a \u00faltima ter sido h\u00e1 120 dias (quatro meses) ou mais. Basta apresentar o RG, CPF, comprovante de resid\u00eancia, cart\u00e3o vacinal,\u00a0comprova\u00e7\u00e3o da comorbidade ou do trabalho.<\/p>\n<p>&#8220;Estamos iniciando mais uma etapa important\u00edssima da vacina\u00e7\u00e3o contra a Covid-19 e suas variantes. A campanha acontece em nossas unidades b\u00e1sicas de sa\u00fade e vai atender os grupos conforme libera\u00e7\u00e3o do Minist\u00e9rio da Sa\u00fade&#8221;, disse a secret\u00e1ria de Sa\u00fade, Ariana Juli\u00e3o.<\/p>\n<p>O prefeito Eduardo Boigues aproveitou para refor\u00e7ar que a vacina\u00e7\u00e3o continua dispon\u00edvel tamb\u00e9m para aqueles que ainda est\u00e3o com doses em atraso. &#8220;\u00c9 uma nova vacina\u00e7\u00e3o, mas vale refor\u00e7ar que as doses est\u00e3o dispon\u00edveis para quem ainda n\u00e3o completou o esquema vacinal. Seguimos em alerta porque a pandemia ainda \u00e9 uma realidade&#8221;, completou o chefe do Executivo.<\/p>\n<p>Foto: Dayane Oliveira<\/p>\n","protected":false},"excerpt":{"rendered":"<p>Aplica\u00e7\u00f5es ocorrem nas unidades b\u00e1sicas de sa\u00fade de segunda a sexta, das 7h \u00e0s 16h A Secretaria de Sa\u00fade de Itaquaquecetuba iniciou, nesta segunda-feira (27), a aplica\u00e7\u00e3o do imunizante bivalente da Pfizer. Nesta etapa, a vacina\u00e7\u00e3o contempla grupos priorit\u00e1rios, conforme cronograma do Minist\u00e9rio da Sa\u00fade. As aplica\u00e7\u00f5es ocorrem nas unidades b\u00e1sicas de sa\u00fade de segunda [&hellip;]<\/p>\n","protected":false},"author":1,"featured_media":6819,"comment_status":"open","ping_status":"open","sticky":false,"template":"","format":"standard","meta":{"footnotes":""},"categories":[6],"tags":[],"class_list":{"0":"post-6818","1":"post","2":"type-post","3":"status-publish","4":"format-standard","5":"has-post-thumbnail","7":"category-itaqua"},"_links":{"self":[{"href":"https:\/\/jm-metropole.com.br\/site\/wp-json\/wp\/v2\/posts\/6818","targetHints":{"allow":["GET"]}}],"collection":[{"href":"https:\/\/jm-metropole.com.br\/site\/wp-json\/wp\/v2\/posts"}],"about":[{"href":"https:\/\/jm-metropole.com.br\/site\/wp-json\/wp\/v2\/types\/post"}],"author":[{"embeddable":true,"href":"https:\/\/jm-metropole.com.br\/site\/wp-json\/wp\/v2\/users\/1"}],"replies":[{"embeddable":true,"href":"https:\/\/jm-metropole.com.br\/site\/wp-json\/wp\/v2\/comments?post=6818"}],"version-history":[{"count":1,"href":"https:\/\/jm-metropole.com.br\/site\/wp-json\/wp\/v2\/posts\/6818\/revisions"}],"predecessor-version":[{"id":6820,"href":"https:\/\/jm-metropole.com.br\/site\/wp-json\/wp\/v2\/posts\/6818\/revisions\/6820"}],"wp:featuredmedia":[{"embeddable":true,"href":"https:\/\/jm-metropole.com.br\/site\/wp-json\/wp\/v2\/media\/6819"}],"wp:attachment":[{"href":"https:\/\/jm-metropole.com.br\/site\/wp-json\/wp\/v2\/media?parent=6818"}],"wp:term":[{"taxonomy":"category","embeddable":true,"href":"https:\/\/jm-metropole.com.br\/site\/wp-json\/wp\/v2\/categories?post=6818"},{"taxonomy":"post_tag","embeddable":true,"href":"https:\/\/jm-metropole.com.br\/site\/wp-json\/wp\/v2\/tags?post=6818"}],"curies":[{"name":"wp","href":"https:\/\/api.w.org\/{rel}","templated":true}]}}