{"id":6815,"date":"2023-02-28T07:15:19","date_gmt":"2023-02-28T10:15:19","guid":{"rendered":"https:\/\/jm-metropole.com.br\/site\/?p=6815"},"modified":"2023-02-28T07:15:19","modified_gmt":"2023-02-28T10:15:19","slug":"vacina-bivalente-contra-a-covid-19-ja-esta-disponivel-em-guararema","status":"publish","type":"post","link":"https:\/\/jm-metropole.com.br\/site\/vacina-bivalente-contra-a-covid-19-ja-esta-disponivel-em-guararema\/","title":{"rendered":"Vacina bivalente contra a Covid-19 j\u00e1 est\u00e1 dispon\u00edvel em Guararema"},"content":{"rendered":"<p>Imunizante \u00e9 aplicado em grupo priorit\u00e1rio formado por pessoas com 70 anos ou mais, que vivam em institui\u00e7\u00f5es de longa perman\u00eancia ou que sejam imunocomprometidas<\/p>\n<p>J\u00e1 est\u00e1 dispon\u00edvel em Guararema a Pfizer Bivalente, contra a Covid-19. A \u201cfase 1\u201d de aplica\u00e7\u00e3o deste imunizante \u00e9 voltada a um grupo priorit\u00e1rio de pessoas, que pode se vacinar, sem agendamento, tanto na Central de Vacina\u00e7\u00e3o Coronav\u00edrus (Cevac) como na Unidade B\u00e1sica de Sa\u00fade (UBS) do Jardim Dulce.<\/p>\n<p>Neste momento, est\u00e3o inclu\u00eddos no programa de vacina\u00e7\u00e3o bivalente os moradores de Guararema que tenham 70 anos ou mais; que tenham a partir de 12 anos e estejam vivendo em institui\u00e7\u00f5es de longa perman\u00eancia (ILP); ou ainda pessoas imunocomprometidas (veja defini\u00e7\u00e3o abaixo).<\/p>\n<p>Para receber o novo imunizante, o esquema vacinal recomendado pelo Minist\u00e9rio da Sa\u00fade \u00e9 1 dose da vacina Covid-19 Pfizer bivalente (dose de refor\u00e7o), para pessoas que apresentem o esquema prim\u00e1rio completo de duas doses, (D1 + D2), respeitando o intervalo m\u00ednimo de 4 meses da \u00faltima dose da vacina de Covid recebida, seja ela qual for.<\/p>\n<p>\u00c9 preciso levar um documento com foto contendo o n\u00famero do CPF (original) e o Cart\u00e3o Nacional de Sa\u00fade (original). Caso se aplique, \u00e9 preciso levar tamb\u00e9m o comprovante de imunossuprimido (que pode ser uma receita do medicamento utilizado), e se houver, a carteira de vacina\u00e7\u00e3o da Covid-19 (opcional).<\/p>\n<p>Ap\u00f3s in\u00edcio na \u00faltima sexta-feira (24), com pacientes atendidos pela Equipe Multiprofissional de Aten\u00e7\u00e3o Domiciliar (Emad), a vacina\u00e7\u00e3o j\u00e1 est\u00e1 dispon\u00edvel para o grupo acima citado nos seguintes hor\u00e1rios e endere\u00e7os: das 8 \u00e0s 18 horas de segunda a sexta-feira e das 8 \u00e0s 12 horas aos s\u00e1bados na Central de Vacina\u00e7\u00e3o Coronav\u00edrus (Cevac), na rua Oswaldo Freire Martins, 10 &#8211; Casa 1; e das 8 \u00e0s 16 horas de segunda \u00e0 sexta-feira na Unidade B\u00e1sica de Sa\u00fade (UBS) do Jardim Dulce, na rua Pedro Alvares Cabral, 36.<\/p>\n<p>Mais informa\u00e7\u00f5es sobre a aplica\u00e7\u00e3o da vacina bivalente contra a Covid-19, sobre a quarta dose do imunizante ou ainda sobre vacina\u00e7\u00e3o de rotina, est\u00e3o dispon\u00edveis pelos telefones da secretaria municipal de Sa\u00fade de Guararema, (11) 4693.8040; da Central de Vacina\u00e7\u00e3o Coronav\u00edrus, (11) 4693.5103; e da UBS do Jardim Dulce, (11) 4693-4693.<\/p>\n<p>Prioridade<br \/>\nNeste momento, t\u00eam prioridade as pessoas consideradas imunocomprometidas ou em condi\u00e7\u00e3o de imunossupress\u00e3o. Segundo o Minist\u00e9rio da Sa\u00fade, s\u00e3o aquelas transplantadas de \u00f3rg\u00e3o s\u00f3lido ou de medula \u00f3ssea; que vivem com HIV (PVHIV), com doen\u00e7as inflamat\u00f3rias imunomediadas em atividade e em uso de corticoides em doses espec\u00edficas, que apresentem erros inatos da imunidade, ou doen\u00e7a renal cr\u00f4nica em hemodi\u00e1lise, pacientes oncol\u00f3gicos que realizaram tratamento quimioter\u00e1pico ou radioter\u00e1pico nos \u00faltimos seis meses, e pessoas com neoplasias hematol\u00f3gicas.<\/p>\n","protected":false},"excerpt":{"rendered":"<p>Imunizante \u00e9 aplicado em grupo priorit\u00e1rio formado por pessoas com 70 anos ou mais, que vivam em institui\u00e7\u00f5es de longa perman\u00eancia ou que sejam imunocomprometidas J\u00e1 est\u00e1 dispon\u00edvel em Guararema a Pfizer Bivalente, contra a Covid-19. A \u201cfase 1\u201d de aplica\u00e7\u00e3o deste imunizante \u00e9 voltada a um grupo priorit\u00e1rio de pessoas, que pode se vacinar, [&hellip;]<\/p>\n","protected":false},"author":1,"featured_media":6816,"comment_status":"open","ping_status":"open","sticky":false,"template":"","format":"standard","meta":{"footnotes":""},"categories":[8],"tags":[],"class_list":{"0":"post-6815","1":"post","2":"type-post","3":"status-publish","4":"format-standard","5":"has-post-thumbnail","7":"category-guararema"},"_links":{"self":[{"href":"https:\/\/jm-metropole.com.br\/site\/wp-json\/wp\/v2\/posts\/6815","targetHints":{"allow":["GET"]}}],"collection":[{"href":"https:\/\/jm-metropole.com.br\/site\/wp-json\/wp\/v2\/posts"}],"about":[{"href":"https:\/\/jm-metropole.com.br\/site\/wp-json\/wp\/v2\/types\/post"}],"author":[{"embeddable":true,"href":"https:\/\/jm-metropole.com.br\/site\/wp-json\/wp\/v2\/users\/1"}],"replies":[{"embeddable":true,"href":"https:\/\/jm-metropole.com.br\/site\/wp-json\/wp\/v2\/comments?post=6815"}],"version-history":[{"count":1,"href":"https:\/\/jm-metropole.com.br\/site\/wp-json\/wp\/v2\/posts\/6815\/revisions"}],"predecessor-version":[{"id":6817,"href":"https:\/\/jm-metropole.com.br\/site\/wp-json\/wp\/v2\/posts\/6815\/revisions\/6817"}],"wp:featuredmedia":[{"embeddable":true,"href":"https:\/\/jm-metropole.com.br\/site\/wp-json\/wp\/v2\/media\/6816"}],"wp:attachment":[{"href":"https:\/\/jm-metropole.com.br\/site\/wp-json\/wp\/v2\/media?parent=6815"}],"wp:term":[{"taxonomy":"category","embeddable":true,"href":"https:\/\/jm-metropole.com.br\/site\/wp-json\/wp\/v2\/categories?post=6815"},{"taxonomy":"post_tag","embeddable":true,"href":"https:\/\/jm-metropole.com.br\/site\/wp-json\/wp\/v2\/tags?post=6815"}],"curies":[{"name":"wp","href":"https:\/\/api.w.org\/{rel}","templated":true}]}}