{"id":6804,"date":"2023-02-27T17:34:44","date_gmt":"2023-02-27T20:34:44","guid":{"rendered":"https:\/\/jm-metropole.com.br\/site\/?p=6804"},"modified":"2023-02-27T17:34:44","modified_gmt":"2023-02-27T20:34:44","slug":"9a-conferencia-municipal-de-saude-de-santa-isabel-valida-propostas-de-melhorias-na-rede-do-sus","status":"publish","type":"post","link":"https:\/\/jm-metropole.com.br\/site\/9a-conferencia-municipal-de-saude-de-santa-isabel-valida-propostas-de-melhorias-na-rede-do-sus\/","title":{"rendered":"9\u00aa CONFER\u00caNCIA MUNICIPAL DE SA\u00daDE DE SANTA ISABEL VALIDA PROPOSTAS DE MELHORIAS NA REDE DO SUS"},"content":{"rendered":"<p>No encontro foram debatidas as propostas dos usu\u00e1rios do Sistema \u00danico de Sa\u00fade (SUS) da cidade e eleitos representantes para as confer\u00eancias estadual e federal.<\/p>\n<p>A 9\u00aa Confer\u00eancia Municipal de Sa\u00fade de Santa Isabel ocorreu na \u00faltima sexta-feira (24\/02), na C\u00e2mara Municipal. Os usu\u00e1rios do Sistema \u00danico de Sa\u00fade (SUS) da cidade puderam realizar propostas de melhorias, que foram validadas e ser\u00e3o encaminhadas a confer\u00eancia macrorregional.<\/p>\n<p>\u201cGarantir direitos e defender o SUS, a vida e a democracia. Amanh\u00e3 vai ser outro dia\u201d, esse foi o tema da confer\u00eancia de 2023. Para atingir o objetivo de mobilizar a sociedade, a Secretaria Municipal de Sa\u00fade organizou plen\u00e1rias nas Unidades B\u00e1sicas de Sa\u00fade (UBSs) e as propostas dos usu\u00e1rios foram debatidas durante o evento.<\/p>\n<p>Entre as sugest\u00f5es de melhorias de responsabilidade municipal est\u00e3o: articula\u00e7\u00e3o das unidades de aten\u00e7\u00e3o prim\u00e1ria \u00e0 sa\u00fade, visando fortalecimento da rede (Secretaria da Educa\u00e7\u00e3o, Cultura, Esporte e Lazer, Promo\u00e7\u00e3o Social, entre outras); o fortalecimento dos protocolos de fluxo de atendimento e agendamento, garantindo a integralidade na assist\u00eancia; o fortalecimento nas a\u00e7\u00f5es para diminuir absente\u00edsmos nas consultas e exames, entre outras propostas.<\/p>\n<p>Na confer\u00eancia tamb\u00e9m foram eleitos dois usu\u00e1rios do SUS, um trabalhador, um gestor e suplentes para representar a cidade e defender as sugest\u00f5es de melhoria para a confer\u00eancia macrorregional rumo \u00e0 9\u00aa Confer\u00eancia Estadual de Sa\u00fade e 17\u00aa Confer\u00eancia Nacional de Sa\u00fade.<\/p>\n<p>PLEN\u00c1RIAS<br \/>\nDesde 31 de janeiro a 16 de fevereiro de 2023, a Secretaria Municipal de Sa\u00fade tem organizado plen\u00e1rias em todas as unidades de aten\u00e7\u00e3o prim\u00e1ria \u00e0 sa\u00fade, a fim de promover debates sobre as pol\u00edticas p\u00fablicas de sa\u00fade. De acordo com a Pasta, foram realizadas 12 reuni\u00f5es no munic\u00edpio.<\/p>\n","protected":false},"excerpt":{"rendered":"<p>No encontro foram debatidas as propostas dos usu\u00e1rios do Sistema \u00danico de Sa\u00fade (SUS) da cidade e eleitos representantes para as confer\u00eancias estadual e federal. A 9\u00aa Confer\u00eancia Municipal de Sa\u00fade de Santa Isabel ocorreu na \u00faltima sexta-feira (24\/02), na C\u00e2mara Municipal. Os usu\u00e1rios do Sistema \u00danico de Sa\u00fade (SUS) da cidade puderam realizar propostas [&hellip;]<\/p>\n","protected":false},"author":1,"featured_media":6805,"comment_status":"open","ping_status":"open","sticky":false,"template":"","format":"standard","meta":{"footnotes":""},"categories":[5],"tags":[],"class_list":{"0":"post-6804","1":"post","2":"type-post","3":"status-publish","4":"format-standard","5":"has-post-thumbnail","7":"category-santa-isabel"},"_links":{"self":[{"href":"https:\/\/jm-metropole.com.br\/site\/wp-json\/wp\/v2\/posts\/6804","targetHints":{"allow":["GET"]}}],"collection":[{"href":"https:\/\/jm-metropole.com.br\/site\/wp-json\/wp\/v2\/posts"}],"about":[{"href":"https:\/\/jm-metropole.com.br\/site\/wp-json\/wp\/v2\/types\/post"}],"author":[{"embeddable":true,"href":"https:\/\/jm-metropole.com.br\/site\/wp-json\/wp\/v2\/users\/1"}],"replies":[{"embeddable":true,"href":"https:\/\/jm-metropole.com.br\/site\/wp-json\/wp\/v2\/comments?post=6804"}],"version-history":[{"count":1,"href":"https:\/\/jm-metropole.com.br\/site\/wp-json\/wp\/v2\/posts\/6804\/revisions"}],"predecessor-version":[{"id":6806,"href":"https:\/\/jm-metropole.com.br\/site\/wp-json\/wp\/v2\/posts\/6804\/revisions\/6806"}],"wp:featuredmedia":[{"embeddable":true,"href":"https:\/\/jm-metropole.com.br\/site\/wp-json\/wp\/v2\/media\/6805"}],"wp:attachment":[{"href":"https:\/\/jm-metropole.com.br\/site\/wp-json\/wp\/v2\/media?parent=6804"}],"wp:term":[{"taxonomy":"category","embeddable":true,"href":"https:\/\/jm-metropole.com.br\/site\/wp-json\/wp\/v2\/categories?post=6804"},{"taxonomy":"post_tag","embeddable":true,"href":"https:\/\/jm-metropole.com.br\/site\/wp-json\/wp\/v2\/tags?post=6804"}],"curies":[{"name":"wp","href":"https:\/\/api.w.org\/{rel}","templated":true}]}}