{"id":6794,"date":"2023-02-27T14:59:31","date_gmt":"2023-02-27T17:59:31","guid":{"rendered":"https:\/\/jm-metropole.com.br\/site\/?p=6794"},"modified":"2023-02-27T14:59:31","modified_gmt":"2023-02-27T17:59:31","slug":"fundo-social-inicia-doacoes-pela-campanha-juntos-por-itaqua-para-ajudar-familias-afetadas-pela-chuva","status":"publish","type":"post","link":"https:\/\/jm-metropole.com.br\/site\/fundo-social-inicia-doacoes-pela-campanha-juntos-por-itaqua-para-ajudar-familias-afetadas-pela-chuva\/","title":{"rendered":"Fundo Social inicia doa\u00e7\u00f5es pela campanha &#8216;Juntos por Itaqu\u00e1&#8217; para ajudar fam\u00edlias afetadas pela chuva"},"content":{"rendered":"<p>Primeira entrega ocorreu na Vila Jap\u00e3o na \u00faltima sexta-feira (24)<\/p>\n<p>O Fundo Social de Solidariedade e a Prefeitura de Itaquaquecetuba lan\u00e7aram a campanha &#8220;Juntos por Itaqu\u00e1&#8221; na \u00faltima quarta (22) e na sexta-feira (24) j\u00e1 iniciaram o repasse dos itens arrecadados \u00e0s fam\u00edlias afetadas pelas chuvas dos \u00faltimos dias no munic\u00edpio.<\/p>\n<p>Cerca de 1,5 mil pessoas, a depender das necessidades, podem ser contempladas com m\u00f3veis, eletrodom\u00e9sticos, roupas de cama e de banho, produtos de higiene pessoal e de limpeza, \u00e1gua pot\u00e1vel, galochas, cestas b\u00e1sicas, fraldas, leite, entre outros.<\/p>\n<p>&#8220;Essas pessoas t\u00eam o direito de reorganizar suas vidas ap\u00f3s tantas perdas e ajudaremos com tudo o que estiver ao nosso alcance. Os m\u00f3veis e eletrodom\u00e9sticos ser\u00e3o entregues quando a \u00e1gua escoar&#8221;, explicou a presidente do Fundo Social e primeira-dama, Mila Prates Queroz.<\/p>\n<p>Na \u00faltima sexta-feira (24), as equipes estiveram na Vila Jap\u00e3o e distribu\u00edram cestas b\u00e1sicas, kits de limpeza e roupas. Tamb\u00e9m foi feito atendimento socioassistencial e de sa\u00fade a 120 pessoas com aferi\u00e7\u00e3o de press\u00e3o arterial, vacina\u00e7\u00e3o contra Covid-19 e orienta\u00e7\u00e3o aos riscos \u00e0 sa\u00fade causados pelas enchentes.<\/p>\n<p>Os m\u00f3veis e eletrodom\u00e9sticos devem ser entregues na Secretaria de Desenvolvimento Social (rua Araguari, 74 &#8211; Vila Virg\u00ednia) e os demais itens no Fundo Social (rua Vereador Jos\u00e9 Barbosa de Ara\u00fajo, 195 &#8211; Vila Virg\u00ednia). Al\u00e9m das doa\u00e7\u00f5es f\u00edsicas, o \u00f3rg\u00e3o aceita Pix (CNPJ 18.612.190\/0001-63) para comprar os itens que faltarem.<\/p>\n<p>Quem tiver doa\u00e7\u00f5es e n\u00e3o puder entregar, basta entrar em contato com o Fundo Social pelo 11 94018-4007 para que seja feita a retirada. &#8220;A prefeitura est\u00e1 cobrando o governo estadual para melhorarmos o escoamento da \u00e1gua. Enquanto isso, estamos realizando outros tipos de mobiliza\u00e7\u00e3o e toda ajuda \u00e9 bem-vinda&#8221;, finalizou o prefeito Eduardo Boigues.<\/p>\n<p>Fotos: Dayane Oliveira<\/p>\n","protected":false},"excerpt":{"rendered":"<p>Primeira entrega ocorreu na Vila Jap\u00e3o na \u00faltima sexta-feira (24) O Fundo Social de Solidariedade e a Prefeitura de Itaquaquecetuba lan\u00e7aram a campanha &#8220;Juntos por Itaqu\u00e1&#8221; na \u00faltima quarta (22) e na sexta-feira (24) j\u00e1 iniciaram o repasse dos itens arrecadados \u00e0s fam\u00edlias afetadas pelas chuvas dos \u00faltimos dias no munic\u00edpio. Cerca de 1,5 mil [&hellip;]<\/p>\n","protected":false},"author":1,"featured_media":6795,"comment_status":"open","ping_status":"open","sticky":false,"template":"","format":"standard","meta":{"footnotes":""},"categories":[6],"tags":[],"class_list":{"0":"post-6794","1":"post","2":"type-post","3":"status-publish","4":"format-standard","5":"has-post-thumbnail","7":"category-itaqua"},"_links":{"self":[{"href":"https:\/\/jm-metropole.com.br\/site\/wp-json\/wp\/v2\/posts\/6794","targetHints":{"allow":["GET"]}}],"collection":[{"href":"https:\/\/jm-metropole.com.br\/site\/wp-json\/wp\/v2\/posts"}],"about":[{"href":"https:\/\/jm-metropole.com.br\/site\/wp-json\/wp\/v2\/types\/post"}],"author":[{"embeddable":true,"href":"https:\/\/jm-metropole.com.br\/site\/wp-json\/wp\/v2\/users\/1"}],"replies":[{"embeddable":true,"href":"https:\/\/jm-metropole.com.br\/site\/wp-json\/wp\/v2\/comments?post=6794"}],"version-history":[{"count":1,"href":"https:\/\/jm-metropole.com.br\/site\/wp-json\/wp\/v2\/posts\/6794\/revisions"}],"predecessor-version":[{"id":6796,"href":"https:\/\/jm-metropole.com.br\/site\/wp-json\/wp\/v2\/posts\/6794\/revisions\/6796"}],"wp:featuredmedia":[{"embeddable":true,"href":"https:\/\/jm-metropole.com.br\/site\/wp-json\/wp\/v2\/media\/6795"}],"wp:attachment":[{"href":"https:\/\/jm-metropole.com.br\/site\/wp-json\/wp\/v2\/media?parent=6794"}],"wp:term":[{"taxonomy":"category","embeddable":true,"href":"https:\/\/jm-metropole.com.br\/site\/wp-json\/wp\/v2\/categories?post=6794"},{"taxonomy":"post_tag","embeddable":true,"href":"https:\/\/jm-metropole.com.br\/site\/wp-json\/wp\/v2\/tags?post=6794"}],"curies":[{"name":"wp","href":"https:\/\/api.w.org\/{rel}","templated":true}]}}