{"id":6791,"date":"2023-02-27T14:57:24","date_gmt":"2023-02-27T17:57:24","guid":{"rendered":"https:\/\/jm-metropole.com.br\/site\/?p=6791"},"modified":"2023-02-27T14:57:24","modified_gmt":"2023-02-27T17:57:24","slug":"fundo-social-movel-marcou-presenca-na-feira-sustentavel","status":"publish","type":"post","link":"https:\/\/jm-metropole.com.br\/site\/fundo-social-movel-marcou-presenca-na-feira-sustentavel\/","title":{"rendered":"FUNDO SOCIAL M\u00d3VEL MARCOU PRESEN\u00c7A NA FEIRA SUSTENT\u00c1VEL"},"content":{"rendered":"<p>O Fundo Social M\u00f3vel marcou presen\u00e7a na Feira Sustent\u00e1vel neste domingo (26), das 9 \u00e0s 14h, na Pra\u00e7a do Coreto, no Centro, arrecadando alimentos n\u00e3o perec\u00edveis, \u00e1gua, roupas e produtos de higiene e limpeza, para as v\u00edtimas das chuvas no litoral.<br \/>\nAl\u00e9m de poderem adquirir produtos fresquinhos e org\u00e2nicos de nossos produtores, a popula\u00e7\u00e3o pode colaborar com o seu donativo.<\/p>\n<p>A Prefeitura de Aruj\u00e1, o Fundo Social de Solidariedade e a Secretaria Municipal de Meio Ambiente, agradecem a todos pela for\u00e7a!<\/p>\n","protected":false},"excerpt":{"rendered":"<p>O Fundo Social M\u00f3vel marcou presen\u00e7a na Feira Sustent\u00e1vel neste domingo (26), das 9 \u00e0s 14h, na Pra\u00e7a do Coreto, no Centro, arrecadando alimentos n\u00e3o perec\u00edveis, \u00e1gua, roupas e produtos de higiene e limpeza, para as v\u00edtimas das chuvas no litoral. Al\u00e9m de poderem adquirir produtos fresquinhos e org\u00e2nicos de nossos produtores, a popula\u00e7\u00e3o pode [&hellip;]<\/p>\n","protected":false},"author":1,"featured_media":6792,"comment_status":"open","ping_status":"open","sticky":false,"template":"","format":"standard","meta":{"footnotes":""},"categories":[4],"tags":[],"class_list":{"0":"post-6791","1":"post","2":"type-post","3":"status-publish","4":"format-standard","5":"has-post-thumbnail","7":"category-aruja"},"_links":{"self":[{"href":"https:\/\/jm-metropole.com.br\/site\/wp-json\/wp\/v2\/posts\/6791","targetHints":{"allow":["GET"]}}],"collection":[{"href":"https:\/\/jm-metropole.com.br\/site\/wp-json\/wp\/v2\/posts"}],"about":[{"href":"https:\/\/jm-metropole.com.br\/site\/wp-json\/wp\/v2\/types\/post"}],"author":[{"embeddable":true,"href":"https:\/\/jm-metropole.com.br\/site\/wp-json\/wp\/v2\/users\/1"}],"replies":[{"embeddable":true,"href":"https:\/\/jm-metropole.com.br\/site\/wp-json\/wp\/v2\/comments?post=6791"}],"version-history":[{"count":1,"href":"https:\/\/jm-metropole.com.br\/site\/wp-json\/wp\/v2\/posts\/6791\/revisions"}],"predecessor-version":[{"id":6793,"href":"https:\/\/jm-metropole.com.br\/site\/wp-json\/wp\/v2\/posts\/6791\/revisions\/6793"}],"wp:featuredmedia":[{"embeddable":true,"href":"https:\/\/jm-metropole.com.br\/site\/wp-json\/wp\/v2\/media\/6792"}],"wp:attachment":[{"href":"https:\/\/jm-metropole.com.br\/site\/wp-json\/wp\/v2\/media?parent=6791"}],"wp:term":[{"taxonomy":"category","embeddable":true,"href":"https:\/\/jm-metropole.com.br\/site\/wp-json\/wp\/v2\/categories?post=6791"},{"taxonomy":"post_tag","embeddable":true,"href":"https:\/\/jm-metropole.com.br\/site\/wp-json\/wp\/v2\/tags?post=6791"}],"curies":[{"name":"wp","href":"https:\/\/api.w.org\/{rel}","templated":true}]}}