{"id":6777,"date":"2023-02-27T11:03:46","date_gmt":"2023-02-27T14:03:46","guid":{"rendered":"https:\/\/jm-metropole.com.br\/site\/?p=6777"},"modified":"2023-02-27T11:03:46","modified_gmt":"2023-02-27T14:03:46","slug":"linha-e506-tera-ampliacao-de-atendimento-a-partir-da-proxima-quarta-feira","status":"publish","type":"post","link":"https:\/\/jm-metropole.com.br\/site\/linha-e506-tera-ampliacao-de-atendimento-a-partir-da-proxima-quarta-feira\/","title":{"rendered":"Linha E506 ter\u00e1 amplia\u00e7\u00e3o de atendimento a partir da pr\u00f3xima quarta-feira"},"content":{"rendered":"<div class=\"col-sm-8 col-md-9 col-lg-9\">\n<div id=\"conteudo\" class=\"conteudo\">\n<p>A linha E506 (Morada do Sol) ter\u00e1 extens\u00e3o de atendimento em dois hor\u00e1rios a partir da pr\u00f3xima quarta-feira (01\/03). A medida foi definida pela Secretaria Municipal de Mobilidade Urbana atendendo solicita\u00e7\u00f5es de moradores da regi\u00e3o, dentro do trabalho cont\u00ednuo de melhoria do sistema municipal de transporte coletivo.<\/p>\n<p>Com a altera\u00e7\u00e3o, os atendimentos das 6h30 e das 16h30 da linha ter\u00e3o inclu\u00eddo em seu trajeto a passagem pelas ruas J\u00falio Ribeiro, Tobias Barreto e avenida Presidente Castelo Branco, at\u00e9 a altura do condom\u00ednio Mosaico Essence. No local, os \u00f4nibus far\u00e3o o retorno e voltar\u00e3o pelo mesmo caminho at\u00e9 o itiner\u00e1rio normal.<\/p>\n<p>Para avisar e orientar os passageiros, a Secretaria Municipal de Mobilidade Urbana colocou cartazes nos \u00f4nibus, no Terminal Estudantes e passou a informa\u00e7\u00e3o para os respons\u00e1veis pelo condom\u00ednio.<\/p>\n<p>A administra\u00e7\u00e3o municipal vem realizando melhorias cont\u00ednuas no sistema de transporte coletivo de Mogi das Cruzes. No final do ano passado, por exemplo, foram realizadas adequa\u00e7\u00f5es em hor\u00e1rios de 27 linhas do sistema municipal de transporte coletivo, o que melhorou a oferta do servi\u00e7o com a redu\u00e7\u00e3o do tempo de intervalo entre os \u00f4nibus. As altera\u00e7\u00f5es foram adotadas com base nos levantamentos realizados pela pasta e tamb\u00e9m pela pesquisa embarcada, trabalho iniciado em outubro que verifica os h\u00e1bitos de viagem e o interesse de embarque e desembarque dos passageiros, buscando a melhoria no atendimento.<\/p>\n<p>Todos os detalhes sobre as linhas, itiner\u00e1rios e hor\u00e1rios dos \u00f4nibus municipais podem ser consultados pela internet, no link\u00a0<a href=\"http:\/\/mobilidade.mogidascruzes.sp.gov.br\/site\/transportes\" target=\"_blank\" rel=\"noopener\">mobilidade.mogidascruzes.sp.gov.br\/site\/transportes<\/a>. Os usu\u00e1rios do sistema municipal de transporte coletivo tamb\u00e9m podem contatar a Secretaria Municipal de Mobilidade Urbana para reclama\u00e7\u00f5es e sugest\u00f5es pelo WhatsApp, no n\u00famero 4798-5122, ou pelo telefone da Central de Mobilidade Urbana, o 0800 77 30 194.<\/p>\n<p>&nbsp;<\/p>\n<div class=\"text-center\"><\/div>\n<\/div>\n<\/div>\n","protected":false},"excerpt":{"rendered":"<p>A linha E506 (Morada do Sol) ter\u00e1 extens\u00e3o de atendimento em dois hor\u00e1rios a partir da pr\u00f3xima quarta-feira (01\/03). A medida foi definida pela Secretaria Municipal de Mobilidade Urbana atendendo solicita\u00e7\u00f5es de moradores da regi\u00e3o, dentro do trabalho cont\u00ednuo de melhoria do sistema municipal de transporte coletivo. Com a altera\u00e7\u00e3o, os atendimentos das 6h30 e [&hellip;]<\/p>\n","protected":false},"author":1,"featured_media":6778,"comment_status":"open","ping_status":"open","sticky":false,"template":"","format":"standard","meta":{"footnotes":""},"categories":[10],"tags":[],"class_list":{"0":"post-6777","1":"post","2":"type-post","3":"status-publish","4":"format-standard","5":"has-post-thumbnail","7":"category-mogi-das-cruzes"},"_links":{"self":[{"href":"https:\/\/jm-metropole.com.br\/site\/wp-json\/wp\/v2\/posts\/6777","targetHints":{"allow":["GET"]}}],"collection":[{"href":"https:\/\/jm-metropole.com.br\/site\/wp-json\/wp\/v2\/posts"}],"about":[{"href":"https:\/\/jm-metropole.com.br\/site\/wp-json\/wp\/v2\/types\/post"}],"author":[{"embeddable":true,"href":"https:\/\/jm-metropole.com.br\/site\/wp-json\/wp\/v2\/users\/1"}],"replies":[{"embeddable":true,"href":"https:\/\/jm-metropole.com.br\/site\/wp-json\/wp\/v2\/comments?post=6777"}],"version-history":[{"count":1,"href":"https:\/\/jm-metropole.com.br\/site\/wp-json\/wp\/v2\/posts\/6777\/revisions"}],"predecessor-version":[{"id":6779,"href":"https:\/\/jm-metropole.com.br\/site\/wp-json\/wp\/v2\/posts\/6777\/revisions\/6779"}],"wp:featuredmedia":[{"embeddable":true,"href":"https:\/\/jm-metropole.com.br\/site\/wp-json\/wp\/v2\/media\/6778"}],"wp:attachment":[{"href":"https:\/\/jm-metropole.com.br\/site\/wp-json\/wp\/v2\/media?parent=6777"}],"wp:term":[{"taxonomy":"category","embeddable":true,"href":"https:\/\/jm-metropole.com.br\/site\/wp-json\/wp\/v2\/categories?post=6777"},{"taxonomy":"post_tag","embeddable":true,"href":"https:\/\/jm-metropole.com.br\/site\/wp-json\/wp\/v2\/tags?post=6777"}],"curies":[{"name":"wp","href":"https:\/\/api.w.org\/{rel}","templated":true}]}}