{"id":6774,"date":"2023-02-27T10:51:20","date_gmt":"2023-02-27T13:51:20","guid":{"rendered":"https:\/\/jm-metropole.com.br\/site\/?p=6774"},"modified":"2023-02-27T10:51:20","modified_gmt":"2023-02-27T13:51:20","slug":"bosque-maia-recebe-o-21o-polo-da-academia-na-praca-60-de-guarulhos","status":"publish","type":"post","link":"https:\/\/jm-metropole.com.br\/site\/bosque-maia-recebe-o-21o-polo-da-academia-na-praca-60-de-guarulhos\/","title":{"rendered":"Bosque Maia recebe o 21\u00ba polo da Academia na Pra\u00e7a 60+ de Guarulhos"},"content":{"rendered":"<p>O prefeito de Guarulhos, Guti, entregou no \u00faltimo\u00a0s\u00e1bado\u00a0(25) o 21\u00ba polo da cidade da Academia na Pra\u00e7a 60+, no Bosque Maia, na presen\u00e7a de um p\u00fablico de cerca de 300 pessoas entre idosos participantes do polos CEU Continental, pra\u00e7a Ponte Gestal, Bosque Inocoop, CIC Pimentas, pra\u00e7a \u00c1lvaro Mesquita, pra\u00e7a Francisco Pompeu, parque Chico Mendes e pra\u00e7a da Cidadania.<\/p>\n<p>\u201cA atividade f\u00edsica melhora a sa\u00fade e proporciona bem-estar, envelhecimento saud\u00e1vel e ativo \u00e0s pessoas. Vamos usufruir ao m\u00e1ximo das atividades f\u00edsicas deste polo. A galera que j\u00e1 faz exerc\u00edcios f\u00edsicos durante a semana no seu bairro pode vir aos s\u00e1bados ao Bosque Maia com a fam\u00edlia e os netos para se exercitar e depois curtir o parque. Vamos ocupar os espa\u00e7os p\u00fablicos da cidade que s\u00e3o para a popula\u00e7\u00e3o\u201d, disse Guti.<\/p>\n<p>Polo Academia 60+<br \/>\nO polo Academia na Pra\u00e7a 60+ funciona na tenda principal do Bosque Maia e oferece gratuitamente aulas de gin\u00e1stica, alongamento, atividades de recrea\u00e7\u00e3o e lazer ao p\u00fablico acima de 60 anos. Elas acontecem aos s\u00e1bados, segundas e quartas-feiras, das 7h \u00e0s 9h, e s\u00e3o conduzidas por profissionais de educa\u00e7\u00e3o f\u00edsica.<\/p>\n<p>Idosos interessados em participar podem se inscrever no local nos dias em que h\u00e1 aulas.\u00a0Os endere\u00e7os dos 21 polos podem ser consultados no link\u00a0https:\/\/www.guarulhos.sp.gov.br\/academia-na-praca-60.<\/p>\n<p>Imagem: Fabio Nunes Teixeira\/PMG<\/p>\n","protected":false},"excerpt":{"rendered":"<p>O prefeito de Guarulhos, Guti, entregou no \u00faltimo\u00a0s\u00e1bado\u00a0(25) o 21\u00ba polo da cidade da Academia na Pra\u00e7a 60+, no Bosque Maia, na presen\u00e7a de um p\u00fablico de cerca de 300 pessoas entre idosos participantes do polos CEU Continental, pra\u00e7a Ponte Gestal, Bosque Inocoop, CIC Pimentas, pra\u00e7a \u00c1lvaro Mesquita, pra\u00e7a Francisco Pompeu, parque Chico Mendes e [&hellip;]<\/p>\n","protected":false},"author":1,"featured_media":6775,"comment_status":"open","ping_status":"open","sticky":false,"template":"","format":"standard","meta":{"footnotes":""},"categories":[3],"tags":[],"class_list":{"0":"post-6774","1":"post","2":"type-post","3":"status-publish","4":"format-standard","5":"has-post-thumbnail","7":"category-guarulhos"},"_links":{"self":[{"href":"https:\/\/jm-metropole.com.br\/site\/wp-json\/wp\/v2\/posts\/6774","targetHints":{"allow":["GET"]}}],"collection":[{"href":"https:\/\/jm-metropole.com.br\/site\/wp-json\/wp\/v2\/posts"}],"about":[{"href":"https:\/\/jm-metropole.com.br\/site\/wp-json\/wp\/v2\/types\/post"}],"author":[{"embeddable":true,"href":"https:\/\/jm-metropole.com.br\/site\/wp-json\/wp\/v2\/users\/1"}],"replies":[{"embeddable":true,"href":"https:\/\/jm-metropole.com.br\/site\/wp-json\/wp\/v2\/comments?post=6774"}],"version-history":[{"count":1,"href":"https:\/\/jm-metropole.com.br\/site\/wp-json\/wp\/v2\/posts\/6774\/revisions"}],"predecessor-version":[{"id":6776,"href":"https:\/\/jm-metropole.com.br\/site\/wp-json\/wp\/v2\/posts\/6774\/revisions\/6776"}],"wp:featuredmedia":[{"embeddable":true,"href":"https:\/\/jm-metropole.com.br\/site\/wp-json\/wp\/v2\/media\/6775"}],"wp:attachment":[{"href":"https:\/\/jm-metropole.com.br\/site\/wp-json\/wp\/v2\/media?parent=6774"}],"wp:term":[{"taxonomy":"category","embeddable":true,"href":"https:\/\/jm-metropole.com.br\/site\/wp-json\/wp\/v2\/categories?post=6774"},{"taxonomy":"post_tag","embeddable":true,"href":"https:\/\/jm-metropole.com.br\/site\/wp-json\/wp\/v2\/tags?post=6774"}],"curies":[{"name":"wp","href":"https:\/\/api.w.org\/{rel}","templated":true}]}}