{"id":6771,"date":"2023-02-27T08:59:22","date_gmt":"2023-02-27T11:59:22","guid":{"rendered":"https:\/\/jm-metropole.com.br\/site\/?p=6771"},"modified":"2023-02-27T08:59:22","modified_gmt":"2023-02-27T11:59:22","slug":"fundo-social-de-sao-vicente-amplia-postos-de-arrecadacao-para-vitimas-das-chuvas","status":"publish","type":"post","link":"https:\/\/jm-metropole.com.br\/site\/fundo-social-de-sao-vicente-amplia-postos-de-arrecadacao-para-vitimas-das-chuvas\/","title":{"rendered":"Fundo Social de S\u00e3o Vicente amplia postos de arrecada\u00e7\u00e3o para v\u00edtimas das chuvas"},"content":{"rendered":"<div><em>Entre itens mais urgentes est\u00e3o produtos de higiene, de limpeza, fralda descart\u00e1vel, leite e \u00e1gua<\/em><\/div>\n<p>&nbsp;<\/p>\n<div>O Fundo Social de Solidariedade de S\u00e3o Vicente (FSS-SV) segue arrecadando itens para serem enviados \u00e0s fam\u00edlias afetadas pelas enchentes e deslizamentos no Litoral Norte, Bertioga e Guaruj\u00e1.<\/div>\n<p>&nbsp;<\/p>\n<div>Os itens mais essenciais s\u00e3o produtos de higiene, de limpeza, fralda descart\u00e1vel infantil, leite em p\u00f3, \u00e1gua pot\u00e1vel e pe\u00e7as \u00edntimas.<\/div>\n<p>&nbsp;<\/p>\n<div>Os interessados podem entregar suas doa\u00e7\u00f5es de\u00a0<span id=\"yiv2160838533m_-2509642958151922829gmail-OBJ_PREFIX_DWT119_com_zimbra_date\">segunda<\/span>\u00a0a\u00a0<span id=\"yiv2160838533m_-2509642958151922829gmail-OBJ_PREFIX_DWT120_com_zimbra_date\">sexta<\/span>-feira, das 9h \u00e0s 17h nos pontos de coleta:<\/div>\n<p>&nbsp;<\/p>\n<div>Fundo Social de Solidariedade &#8211; Rua Benedito Calixto, 205 (Boa Vista)<\/div>\n<div>Prefeitura de S\u00e3o Vicente (Pa\u00e7o Municipal), 384 (Centro)<\/div>\n<div>Subsede do Fundo Social &#8211; Avenida Ulisses Guimar\u00e3es, 181 (Jardim Rio Branco)<\/div>\n<p>&nbsp;<\/p>\n<div>Lembrando que o Fundo Social tamb\u00e9m aceita outros itens como alimentos n\u00e3o perec\u00edveis e cobertores.<\/div>\n<div>\n<div dir=\"ltr\">\n<div dir=\"ltr\"><\/div>\n<\/div>\n<\/div>\n","protected":false},"excerpt":{"rendered":"<p>Entre itens mais urgentes est\u00e3o produtos de higiene, de limpeza, fralda descart\u00e1vel, leite e \u00e1gua &nbsp; O Fundo Social de Solidariedade de S\u00e3o Vicente (FSS-SV) segue arrecadando itens para serem enviados \u00e0s fam\u00edlias afetadas pelas enchentes e deslizamentos no Litoral Norte, Bertioga e Guaruj\u00e1. &nbsp; Os itens mais essenciais s\u00e3o produtos de higiene, de limpeza, [&hellip;]<\/p>\n","protected":false},"author":1,"featured_media":6772,"comment_status":"open","ping_status":"open","sticky":false,"template":"","format":"standard","meta":{"footnotes":""},"categories":[1],"tags":[],"class_list":{"0":"post-6771","1":"post","2":"type-post","3":"status-publish","4":"format-standard","5":"has-post-thumbnail","7":"category-tudo"},"_links":{"self":[{"href":"https:\/\/jm-metropole.com.br\/site\/wp-json\/wp\/v2\/posts\/6771","targetHints":{"allow":["GET"]}}],"collection":[{"href":"https:\/\/jm-metropole.com.br\/site\/wp-json\/wp\/v2\/posts"}],"about":[{"href":"https:\/\/jm-metropole.com.br\/site\/wp-json\/wp\/v2\/types\/post"}],"author":[{"embeddable":true,"href":"https:\/\/jm-metropole.com.br\/site\/wp-json\/wp\/v2\/users\/1"}],"replies":[{"embeddable":true,"href":"https:\/\/jm-metropole.com.br\/site\/wp-json\/wp\/v2\/comments?post=6771"}],"version-history":[{"count":1,"href":"https:\/\/jm-metropole.com.br\/site\/wp-json\/wp\/v2\/posts\/6771\/revisions"}],"predecessor-version":[{"id":6773,"href":"https:\/\/jm-metropole.com.br\/site\/wp-json\/wp\/v2\/posts\/6771\/revisions\/6773"}],"wp:featuredmedia":[{"embeddable":true,"href":"https:\/\/jm-metropole.com.br\/site\/wp-json\/wp\/v2\/media\/6772"}],"wp:attachment":[{"href":"https:\/\/jm-metropole.com.br\/site\/wp-json\/wp\/v2\/media?parent=6771"}],"wp:term":[{"taxonomy":"category","embeddable":true,"href":"https:\/\/jm-metropole.com.br\/site\/wp-json\/wp\/v2\/categories?post=6771"},{"taxonomy":"post_tag","embeddable":true,"href":"https:\/\/jm-metropole.com.br\/site\/wp-json\/wp\/v2\/tags?post=6771"}],"curies":[{"name":"wp","href":"https:\/\/api.w.org\/{rel}","templated":true}]}}