{"id":677,"date":"2022-05-06T20:45:12","date_gmt":"2022-05-06T23:45:12","guid":{"rendered":"https:\/\/jm-metropole.com.br\/site\/?p=677"},"modified":"2022-05-12T20:30:20","modified_gmt":"2022-05-12T23:30:20","slug":"feira-do-microempreendedor-ocorre-no-proximo-dia-15","status":"publish","type":"post","link":"https:\/\/jm-metropole.com.br\/site\/feira-do-microempreendedor-ocorre-no-proximo-dia-15\/","title":{"rendered":"Feira do microempreendedor ocorre no pr\u00f3ximo dia 15"},"content":{"rendered":"<p>A Prefeitura de Aruj\u00e1 realizar\u00e1 no pr\u00f3ximo dia 15, das 8h \u00e0s 15 horas, a Feira do Microempreendedor, na Pra\u00e7a do Coreto. A atividade organizada pela Secretaria Municipal de Desenvolvimento Econ\u00f4mico contar\u00e1 com aula de ritmos, recrea\u00e7\u00e3o infantil, exposi\u00e7\u00e3o de antiguidades, oportunidades de neg\u00f3cio, informa\u00e7\u00f5es diversas da pasta e show do DJ Mac Money. No local haver\u00e1 um posto de arrecada\u00e7\u00e3o de alimentos n\u00e3o perec\u00edveis, que ser\u00e3o destinados ao Fundo Social de Solidariedade de Aruj\u00e1.<br \/>\nA a\u00e7\u00e3o conta com o apoio das Secretarias Municipais de Turismo, Cultura, Esportes, Governo, Servi\u00e7os e Seguran\u00e7a P\u00fablica.<\/p>\n","protected":false},"excerpt":{"rendered":"<p>A Prefeitura de Aruj\u00e1 realizar\u00e1 no pr\u00f3ximo dia 15, das 8h \u00e0s 15 horas, a Feira do Microempreendedor, na Pra\u00e7a do Coreto. A atividade organizada pela Secretaria Municipal de Desenvolvimento Econ\u00f4mico contar\u00e1 com aula de ritmos, recrea\u00e7\u00e3o infantil, exposi\u00e7\u00e3o de antiguidades, oportunidades de neg\u00f3cio, informa\u00e7\u00f5es diversas da pasta e show do DJ Mac Money. No [&hellip;]<\/p>\n","protected":false},"author":1,"featured_media":678,"comment_status":"open","ping_status":"open","sticky":false,"template":"","format":"standard","meta":{"footnotes":""},"categories":[4],"tags":[],"class_list":{"0":"post-677","1":"post","2":"type-post","3":"status-publish","4":"format-standard","5":"has-post-thumbnail","7":"category-aruja"},"_links":{"self":[{"href":"https:\/\/jm-metropole.com.br\/site\/wp-json\/wp\/v2\/posts\/677","targetHints":{"allow":["GET"]}}],"collection":[{"href":"https:\/\/jm-metropole.com.br\/site\/wp-json\/wp\/v2\/posts"}],"about":[{"href":"https:\/\/jm-metropole.com.br\/site\/wp-json\/wp\/v2\/types\/post"}],"author":[{"embeddable":true,"href":"https:\/\/jm-metropole.com.br\/site\/wp-json\/wp\/v2\/users\/1"}],"replies":[{"embeddable":true,"href":"https:\/\/jm-metropole.com.br\/site\/wp-json\/wp\/v2\/comments?post=677"}],"version-history":[{"count":1,"href":"https:\/\/jm-metropole.com.br\/site\/wp-json\/wp\/v2\/posts\/677\/revisions"}],"predecessor-version":[{"id":679,"href":"https:\/\/jm-metropole.com.br\/site\/wp-json\/wp\/v2\/posts\/677\/revisions\/679"}],"wp:featuredmedia":[{"embeddable":true,"href":"https:\/\/jm-metropole.com.br\/site\/wp-json\/wp\/v2\/media\/678"}],"wp:attachment":[{"href":"https:\/\/jm-metropole.com.br\/site\/wp-json\/wp\/v2\/media?parent=677"}],"wp:term":[{"taxonomy":"category","embeddable":true,"href":"https:\/\/jm-metropole.com.br\/site\/wp-json\/wp\/v2\/categories?post=677"},{"taxonomy":"post_tag","embeddable":true,"href":"https:\/\/jm-metropole.com.br\/site\/wp-json\/wp\/v2\/tags?post=677"}],"curies":[{"name":"wp","href":"https:\/\/api.w.org\/{rel}","templated":true}]}}