{"id":6756,"date":"2023-02-25T08:25:57","date_gmt":"2023-02-25T11:25:57","guid":{"rendered":"https:\/\/jm-metropole.com.br\/site\/?p=6756"},"modified":"2023-02-25T08:25:57","modified_gmt":"2023-02-25T11:25:57","slug":"governo-de-sp-debate-medidas-para-que-setor-hoteleiro-do-litoral-norte-possa-receber-desabrigados","status":"publish","type":"post","link":"https:\/\/jm-metropole.com.br\/site\/governo-de-sp-debate-medidas-para-que-setor-hoteleiro-do-litoral-norte-possa-receber-desabrigados\/","title":{"rendered":"Governo de SP debate medidas para que setor hoteleiro do Litoral Norte possa receber desabrigados"},"content":{"rendered":"<p>Em reuni\u00e3o nesta sexta-feira (24), foi definida a cria\u00e7\u00e3o de grupo de trabalho conjunto entre o Estado, a Prefeitura de S\u00e3o Sebasti\u00e3o e representantes do segmento para avaliar aplicabilidade da medida<\/p>\n<p>O governador Tarc\u00edsio de Freitas participou nesta sexta-feira (24) de reuni\u00e3o com representantes do setor hoteleiro do Litoral Norte para delinear uma parceria para que a rede de hot\u00e9is e pousadas da regi\u00e3o possam receber desabrigados pelas fortes chuvas e consequentes deslizamentos que ocorreram no Carnaval. A proje\u00e7\u00e3o \u00e9 que 4 mil pessoas necessitem de abrigos por um tempo maior.<\/p>\n<p>Nos pr\u00f3ximos dias, ser\u00e1 formalizada uma comiss\u00e3o com membros do Governo de S\u00e3o Paulo, da Prefeitura de S\u00e3o Sebasti\u00e3o e do setor hoteleiro do Litoral Norte para discutir a viabilidade da parceria. Ser\u00e3o avaliados os modelos de parceria, a disponibilidade de leitos e, tamb\u00e9m, a instaura\u00e7\u00e3o de uma faixa de pre\u00e7os pelo uso da rede hoteleira.<\/p>\n<p>Na pr\u00f3xima semana, o governador Tarc\u00edsio de Freitas tamb\u00e9m se reunir\u00e1 com bancos e institui\u00e7\u00f5es financeiras para custear a a\u00e7\u00e3o. &#8220;Assim que tivermos o ok para o financiamento, vamos come\u00e7ar de imediato essa parceria. A nossa necessidade \u00e9 atendermos 4 mil pessoas&#8221;, refor\u00e7ou<\/p>\n<p>Acompanhe as atualiza\u00e7\u00f5es sobre a situa\u00e7\u00e3o das chuvas por meio do Twitter do Governo do Estado de S\u00e3o Paulo: @governosp.<br \/>\nCadastre-se no 40199 e receba mensagens de alerta de emerg\u00eancia via SMS \u2013 http:\/\/www.spalerta.sp.gov.br\/topicos\/alertas\/<\/p>\n","protected":false},"excerpt":{"rendered":"<p>Em reuni\u00e3o nesta sexta-feira (24), foi definida a cria\u00e7\u00e3o de grupo de trabalho conjunto entre o Estado, a Prefeitura de S\u00e3o Sebasti\u00e3o e representantes do segmento para avaliar aplicabilidade da medida O governador Tarc\u00edsio de Freitas participou nesta sexta-feira (24) de reuni\u00e3o com representantes do setor hoteleiro do Litoral Norte para delinear uma parceria para [&hellip;]<\/p>\n","protected":false},"author":1,"featured_media":6757,"comment_status":"open","ping_status":"open","sticky":false,"template":"","format":"standard","meta":{"footnotes":""},"categories":[48],"tags":[],"class_list":{"0":"post-6756","1":"post","2":"type-post","3":"status-publish","4":"format-standard","5":"has-post-thumbnail","7":"category-geral"},"_links":{"self":[{"href":"https:\/\/jm-metropole.com.br\/site\/wp-json\/wp\/v2\/posts\/6756","targetHints":{"allow":["GET"]}}],"collection":[{"href":"https:\/\/jm-metropole.com.br\/site\/wp-json\/wp\/v2\/posts"}],"about":[{"href":"https:\/\/jm-metropole.com.br\/site\/wp-json\/wp\/v2\/types\/post"}],"author":[{"embeddable":true,"href":"https:\/\/jm-metropole.com.br\/site\/wp-json\/wp\/v2\/users\/1"}],"replies":[{"embeddable":true,"href":"https:\/\/jm-metropole.com.br\/site\/wp-json\/wp\/v2\/comments?post=6756"}],"version-history":[{"count":1,"href":"https:\/\/jm-metropole.com.br\/site\/wp-json\/wp\/v2\/posts\/6756\/revisions"}],"predecessor-version":[{"id":6758,"href":"https:\/\/jm-metropole.com.br\/site\/wp-json\/wp\/v2\/posts\/6756\/revisions\/6758"}],"wp:featuredmedia":[{"embeddable":true,"href":"https:\/\/jm-metropole.com.br\/site\/wp-json\/wp\/v2\/media\/6757"}],"wp:attachment":[{"href":"https:\/\/jm-metropole.com.br\/site\/wp-json\/wp\/v2\/media?parent=6756"}],"wp:term":[{"taxonomy":"category","embeddable":true,"href":"https:\/\/jm-metropole.com.br\/site\/wp-json\/wp\/v2\/categories?post=6756"},{"taxonomy":"post_tag","embeddable":true,"href":"https:\/\/jm-metropole.com.br\/site\/wp-json\/wp\/v2\/tags?post=6756"}],"curies":[{"name":"wp","href":"https:\/\/api.w.org\/{rel}","templated":true}]}}