{"id":675,"date":"2022-05-07T17:41:04","date_gmt":"2022-05-07T20:41:04","guid":{"rendered":"https:\/\/jm-metropole.com.br\/site\/?p=675"},"modified":"2022-05-12T20:45:03","modified_gmt":"2022-05-12T23:45:03","slug":"com-a-presenca-do-governador-entrega-de-escrituras-em-itaqua-reuniu-25-mil-pessoas","status":"publish","type":"post","link":"https:\/\/jm-metropole.com.br\/site\/com-a-presenca-do-governador-entrega-de-escrituras-em-itaqua-reuniu-25-mil-pessoas\/","title":{"rendered":"Com a presen\u00e7a do governador, entrega de escrituras em Itaqu\u00e1 reuniu 2,5 mil pessoas"},"content":{"rendered":"<p>O governador de S\u00e3o Paulo, Rodrigo Garcia, esteve neste s\u00e1bado (7) em Itaquaquecetuba para a entrega de 779 escrituras \u00e0s fam\u00edlias participantes do Programa Estadual de Regulariza\u00e7\u00e3o Fundi\u00e1ria Cidade Legal.<\/p>\n<p>O evento, que ocorreu na Secretaria Municipal de Servi\u00e7os Urbanos, contou a presen\u00e7a de 2,5 mil pessoas e a participa\u00e7\u00e3o do prefeito Eduardo Boigues, da primeira-dama, Mila Prates Queroz, do secret\u00e1rio de estado da Habita\u00e7\u00e3o, Flavio Amary, da secret\u00e1ria municipal de Habita\u00e7\u00e3o, Angela Quirino, demais secret\u00e1rios e vereadores do munic\u00edpio, al\u00e9m de deputados e prefeitos da regi\u00e3o.<\/p>\n<p><img loading=\"lazy\" decoding=\"async\" class=\"alignleft size-medium wp-image-671\" src=\"https:\/\/jm-metropole.com.br\/site\/wp-content\/uploads\/2022\/05\/WhatsApp-Image-2022-05-09-at-17.30.42-200x300.jpeg\" alt=\"\" width=\"200\" height=\"300\" srcset=\"https:\/\/jm-metropole.com.br\/site\/wp-content\/uploads\/2022\/05\/WhatsApp-Image-2022-05-09-at-17.30.42-200x300.jpeg 200w, https:\/\/jm-metropole.com.br\/site\/wp-content\/uploads\/2022\/05\/WhatsApp-Image-2022-05-09-at-17.30.42-682x1024.jpeg 682w, https:\/\/jm-metropole.com.br\/site\/wp-content\/uploads\/2022\/05\/WhatsApp-Image-2022-05-09-at-17.30.42-768x1152.jpeg 768w, https:\/\/jm-metropole.com.br\/site\/wp-content\/uploads\/2022\/05\/WhatsApp-Image-2022-05-09-at-17.30.42-150x225.jpeg 150w, https:\/\/jm-metropole.com.br\/site\/wp-content\/uploads\/2022\/05\/WhatsApp-Image-2022-05-09-at-17.30.42-300x450.jpeg 300w, https:\/\/jm-metropole.com.br\/site\/wp-content\/uploads\/2022\/05\/WhatsApp-Image-2022-05-09-at-17.30.42-696x1044.jpeg 696w, https:\/\/jm-metropole.com.br\/site\/wp-content\/uploads\/2022\/05\/WhatsApp-Image-2022-05-09-at-17.30.42.jpeg 853w\" sizes=\"auto, (max-width: 200px) 100vw, 200px\" \/>As matr\u00edculas foram entregues para moradores da CDHU (Companhia de Desenvolvimento Habitacional e Urbano do Estado de S\u00e3o Paulo) dos n\u00facleos Itaquaquecetuba B (Jardim Odete I) e Itaquaquecetuba O, P e Q (Ch\u00e1cara Holiday). Durante o evento, tamb\u00e9m foram distribu\u00eddos cerca de 10 mil lanches e lembrancinhas pelo Dia das M\u00e3es.<\/p>\n<p>&#8220;Gratid\u00e3o por tudo o que o governo estadual fez pela nossa cidade. Em nome de todas as mam\u00e3es, um beijo no cora\u00e7\u00e3o e que esse documento seja um presente de Dia das M\u00e3es, fruto do trabalho do nosso governador, do secret\u00e1rio de Estado e da gest\u00e3o municipal&#8221;, disse o prefeito Eduardo Boigues.<\/p>\n<p>J\u00e1 o governador Rodrigo Garcia falou sobre a import\u00e2ncia da mulher na sociedade. &#8220;Pelo menos 40% dos lares s\u00e3o sustentados por mulheres. Elas cuidam dos filhos, maridos e trabalham para levar comida para casa. Estou aqui para assumir esse compromisso com Itaqu\u00e1&#8221;, frisou.<\/p>\n<p>&#8220;Esse documento \u00e9 um sonho para muitas fam\u00edlias pois significa que a moradia \u00e9 juridicamente sua, ou seja, ningu\u00e9m mais pode tirar. \u00c9 uma heran\u00e7a que os pais podem deixar aos filhos&#8221;, acrescentou a secret\u00e1ria municipal de Habita\u00e7\u00e3o, Angela Quirino.<\/p>\n<p>Desde o in\u00edcio de 2021, a Secretaria de Habita\u00e7\u00e3o de Itaquaquecetuba soma a entrega de 2.046 t\u00edtulos de propriedade pelo Cidade Legal, incluindo os n\u00facleos Rua do Sol A e B, al\u00e9m do Jardim Ivana. O programa continua e vai atender mais 60 n\u00facleos ainda neste ano.<\/p>\n<p>Fotos: Dayane Oliveira<\/p>\n","protected":false},"excerpt":{"rendered":"<p>O governador de S\u00e3o Paulo, Rodrigo Garcia, esteve neste s\u00e1bado (7) em Itaquaquecetuba para a entrega de 779 escrituras \u00e0s fam\u00edlias participantes do Programa Estadual de Regulariza\u00e7\u00e3o Fundi\u00e1ria Cidade Legal. O evento, que ocorreu na Secretaria Municipal de Servi\u00e7os Urbanos, contou a presen\u00e7a de 2,5 mil pessoas e a participa\u00e7\u00e3o do prefeito Eduardo Boigues, da [&hellip;]<\/p>\n","protected":false},"author":1,"featured_media":672,"comment_status":"open","ping_status":"open","sticky":false,"template":"","format":"standard","meta":{"footnotes":""},"categories":[6],"tags":[],"class_list":{"0":"post-675","1":"post","2":"type-post","3":"status-publish","4":"format-standard","5":"has-post-thumbnail","7":"category-itaqua"},"_links":{"self":[{"href":"https:\/\/jm-metropole.com.br\/site\/wp-json\/wp\/v2\/posts\/675","targetHints":{"allow":["GET"]}}],"collection":[{"href":"https:\/\/jm-metropole.com.br\/site\/wp-json\/wp\/v2\/posts"}],"about":[{"href":"https:\/\/jm-metropole.com.br\/site\/wp-json\/wp\/v2\/types\/post"}],"author":[{"embeddable":true,"href":"https:\/\/jm-metropole.com.br\/site\/wp-json\/wp\/v2\/users\/1"}],"replies":[{"embeddable":true,"href":"https:\/\/jm-metropole.com.br\/site\/wp-json\/wp\/v2\/comments?post=675"}],"version-history":[{"count":2,"href":"https:\/\/jm-metropole.com.br\/site\/wp-json\/wp\/v2\/posts\/675\/revisions"}],"predecessor-version":[{"id":711,"href":"https:\/\/jm-metropole.com.br\/site\/wp-json\/wp\/v2\/posts\/675\/revisions\/711"}],"wp:featuredmedia":[{"embeddable":true,"href":"https:\/\/jm-metropole.com.br\/site\/wp-json\/wp\/v2\/media\/672"}],"wp:attachment":[{"href":"https:\/\/jm-metropole.com.br\/site\/wp-json\/wp\/v2\/media?parent=675"}],"wp:term":[{"taxonomy":"category","embeddable":true,"href":"https:\/\/jm-metropole.com.br\/site\/wp-json\/wp\/v2\/categories?post=675"},{"taxonomy":"post_tag","embeddable":true,"href":"https:\/\/jm-metropole.com.br\/site\/wp-json\/wp\/v2\/tags?post=675"}],"curies":[{"name":"wp","href":"https:\/\/api.w.org\/{rel}","templated":true}]}}