{"id":6749,"date":"2023-02-25T06:47:43","date_gmt":"2023-02-25T09:47:43","guid":{"rendered":"https:\/\/jm-metropole.com.br\/site\/?p=6749"},"modified":"2023-02-25T06:47:43","modified_gmt":"2023-02-25T09:47:43","slug":"governador-apresenta-medidas-de-apoio-a-comunidade-indigena-em-boraceia","status":"publish","type":"post","link":"https:\/\/jm-metropole.com.br\/site\/governador-apresenta-medidas-de-apoio-a-comunidade-indigena-em-boraceia\/","title":{"rendered":"Governador apresenta medidas de apoio a comunidade ind\u00edgena em Boraceia"},"content":{"rendered":"<p>A\u00e7\u00f5es preveem recupera\u00e7\u00e3o de infraestrutura na Reserva Ind\u00edgena Rio Silveira, afetada pelas fortes chuvas<\/p>\n<p>O governador Tarc\u00edsio de Freitas, acompanhado da primeira-dama Cristiane Freitas, visitou nesta sexta-feira (24) a Reserva Ind\u00edgena Rio Silveira, em Boraceia. A comunidade tamb\u00e9m foi afetada pelas fortes chuvas que atingiram o Litoral Norte durante o Carnaval.<\/p>\n<p>Durante o encontro com lideran\u00e7as da comunidade, o chefe do Executivo de S\u00e3o Paulo anunciou medidas para mitigar o impacto do desastre natural para a popula\u00e7\u00e3o local. &#8220;Estivemos na Reserva Ind\u00edgena para avaliar os estragos. Vamos trabalhar na constru\u00e7\u00e3o de uma nova ponte de concreto para acessar a regi\u00e3o, reformar pr\u00e9dios que foram danificados e vamos levar equipamentos para refor\u00e7ar o trabalho da comunidade&#8221;, disse Tarc\u00edsio de Freitas.<\/p>\n<p>As a\u00e7\u00f5es na Reserva Ind\u00edgena Rio Silveira contar\u00e3o com apoio do Fundo Social de S\u00e3o Paulo (Fussp) e da Funda\u00e7\u00e3o para a Conserva\u00e7\u00e3o e a Produ\u00e7\u00e3o Florestal (Funda\u00e7\u00e3o Florestal). A secret\u00e1ria de Meio Ambiente, Infraestrutura e Log\u00edstica, Nat\u00e1lia Resende; e o coordenador estadual de Prote\u00e7\u00e3o e Defesa Civil, Coronel Henguel Ricardo Pereira, tamb\u00e9m estiveram presentes.<\/p>\n<p>Alinhamento<br \/>\nTamb\u00e9m nesta sexta-feira, o governador Tarc\u00edsio de Freitas participou de reuni\u00e3o com o comandante do Ex\u00e9rcito Brasileiro, general Tom\u00e1s Miguel Min\u00e9 Ribeiro Paiva. O encontro aconteceu em S\u00e3o Sebasti\u00e3o, para onde foi transferido o gabinete do governador, e serviu para avalia\u00e7\u00e3o das a\u00e7\u00f5es conjuntas entre o Governo de S\u00e3o Paulo e de institui\u00e7\u00f5es envolvidas no socorro aos atingidos pelas fortes chuvas e consequentes deslizamentos no Litoral Norte durante o Carnaval.<\/p>\n<p>&#8220;\u00c9 uma honra para n\u00f3s termos a presen\u00e7a do general Tom\u00e1s aqui. J\u00e1 nas primeiras horas da ocorr\u00eancia, no domingo [19], recorremos ao Ex\u00e9rcito porque est\u00e1vamos com dificuldade de acesso por terra e por ar. As opera\u00e7\u00f5es de resgate das v\u00edtimas e de socorro teria de ser feita por helic\u00f3pteros de grande porte que pudessem operar \u00e0 noite e n\u00e3o tivemos d\u00favidas em recorrer ao Ex\u00e9rcito. Ficamos agradecidos por podermos contar, mais uma vez, com a m\u00e3o amiga que nunca nos falta, nunca falha&#8221;, recordou o governador Tarc\u00edsio de Freitas.<\/p>\n<p>Segundo o general Tom\u00e1s, a miss\u00e3o do Ex\u00e9rcito no Litoral Norte prosseguir\u00e1 em coopera\u00e7\u00e3o com o Governo de S\u00e3o Paulo e as Prefeituras pelo tempo necess\u00e1rio. &#8220;Nossa presen\u00e7a ajuda as ag\u00eancias de estado, como Pol\u00edcia Militar, a Pol\u00edcia Civil, Bombeiros, a fazerem o trabalho que j\u00e1 \u00e9 t\u00e3o bem realizado no Estado de S\u00e3o Paulo&#8221;, diz.<\/p>\n<p>Acompanhe as atualiza\u00e7\u00f5es sobre a situa\u00e7\u00e3o das chuvas por meio do Twitter do Governo do Estado de S\u00e3o Paulo: @governosp.<br \/>\nCadastre-se no 40199 e receba mensagens de alerta de emerg\u00eancia via SMS \u2013 http:\/\/www.spalerta.sp.gov.br\/topicos\/alertas\/<\/p>\n<p>*Com informa\u00e7\u00f5es do Portal do Governo do Estado de S\u00e3o Paulo<\/p>\n","protected":false},"excerpt":{"rendered":"<p>A\u00e7\u00f5es preveem recupera\u00e7\u00e3o de infraestrutura na Reserva Ind\u00edgena Rio Silveira, afetada pelas fortes chuvas O governador Tarc\u00edsio de Freitas, acompanhado da primeira-dama Cristiane Freitas, visitou nesta sexta-feira (24) a Reserva Ind\u00edgena Rio Silveira, em Boraceia. A comunidade tamb\u00e9m foi afetada pelas fortes chuvas que atingiram o Litoral Norte durante o Carnaval. Durante o encontro com [&hellip;]<\/p>\n","protected":false},"author":1,"featured_media":6751,"comment_status":"open","ping_status":"open","sticky":false,"template":"","format":"standard","meta":{"footnotes":""},"categories":[48],"tags":[],"class_list":{"0":"post-6749","1":"post","2":"type-post","3":"status-publish","4":"format-standard","5":"has-post-thumbnail","7":"category-geral"},"_links":{"self":[{"href":"https:\/\/jm-metropole.com.br\/site\/wp-json\/wp\/v2\/posts\/6749","targetHints":{"allow":["GET"]}}],"collection":[{"href":"https:\/\/jm-metropole.com.br\/site\/wp-json\/wp\/v2\/posts"}],"about":[{"href":"https:\/\/jm-metropole.com.br\/site\/wp-json\/wp\/v2\/types\/post"}],"author":[{"embeddable":true,"href":"https:\/\/jm-metropole.com.br\/site\/wp-json\/wp\/v2\/users\/1"}],"replies":[{"embeddable":true,"href":"https:\/\/jm-metropole.com.br\/site\/wp-json\/wp\/v2\/comments?post=6749"}],"version-history":[{"count":1,"href":"https:\/\/jm-metropole.com.br\/site\/wp-json\/wp\/v2\/posts\/6749\/revisions"}],"predecessor-version":[{"id":6752,"href":"https:\/\/jm-metropole.com.br\/site\/wp-json\/wp\/v2\/posts\/6749\/revisions\/6752"}],"wp:featuredmedia":[{"embeddable":true,"href":"https:\/\/jm-metropole.com.br\/site\/wp-json\/wp\/v2\/media\/6751"}],"wp:attachment":[{"href":"https:\/\/jm-metropole.com.br\/site\/wp-json\/wp\/v2\/media?parent=6749"}],"wp:term":[{"taxonomy":"category","embeddable":true,"href":"https:\/\/jm-metropole.com.br\/site\/wp-json\/wp\/v2\/categories?post=6749"},{"taxonomy":"post_tag","embeddable":true,"href":"https:\/\/jm-metropole.com.br\/site\/wp-json\/wp\/v2\/tags?post=6749"}],"curies":[{"name":"wp","href":"https:\/\/api.w.org\/{rel}","templated":true}]}}