{"id":6746,"date":"2023-02-25T06:41:38","date_gmt":"2023-02-25T09:41:38","guid":{"rendered":"https:\/\/jm-metropole.com.br\/site\/?p=6746"},"modified":"2023-02-25T06:41:38","modified_gmt":"2023-02-25T09:41:38","slug":"governo-de-sp-desapropria-area-na-barra-do-sahy-para-construcao-de-moradias-para-vitimas-das-chuvas","status":"publish","type":"post","link":"https:\/\/jm-metropole.com.br\/site\/governo-de-sp-desapropria-area-na-barra-do-sahy-para-construcao-de-moradias-para-vitimas-das-chuvas\/","title":{"rendered":"Governo de SP desapropria \u00e1rea na Barra do Sahy para constru\u00e7\u00e3o de moradias para v\u00edtimas das chuvas"},"content":{"rendered":"<p>Di\u00e1rio Oficial publica neste s\u00e1bado, 25, decreto do governador declarando de utilidade p\u00fablica terreno particular de 10,6 mil m\u00b2 para implanta\u00e7\u00e3o de programa habitacional<\/p>\n<p>O governador Tarc\u00edsio de Freitas assinou nesta sexta-feira (24) decreto declarando de utilidade p\u00fablica um terreno particular de 10.632 m\u00b2 na Vila Sahy, na Barra do Sahy (S\u00e3o Sebasti\u00e3o) para fins desapropria\u00e7\u00e3o para constru\u00e7\u00e3o de moradias destinadas a fam\u00edlias desabrigadas e desalojadas em raz\u00e3o das chuvas que atingiram o Litoral Norte, no Carnaval. O decreto ser\u00e1 publicado na edi\u00e7\u00e3o deste s\u00e1bado, 25, do Di\u00e1rio Oficial do Estado.<\/p>\n<p>\u201cJ\u00e1 tenho a autoriza\u00e7\u00e3o do propriet\u00e1rio para entrar e trabalhar de imediato. \u00c9 uma \u00e1rea plana, uma \u00e1rea segura onde a CDHU vai construir resid\u00eancias para come\u00e7ar tirar pessoas de \u00e1rea de risco e dar moradia para quem perdeu\u201d, afirmou o governador Tarc\u00edsio de Freitas.<\/p>\n<p>A medida autoriza a Companhia de Desenvolvimento Habitacional e Urbano (CDHU), vinculada \u00e0 Secretaria de Desenvolvimento Urbano e Habita\u00e7\u00e3o (SDUH), a fazer a desapropria\u00e7\u00e3o do terreno para implanta\u00e7\u00e3o de programa habitacional para fam\u00edlias de baixa renda. As unidades ser\u00e3o destinadas ao atendimento de moradores de \u00e1reas de risco afetados e fam\u00edlias que perderam suas casas em raz\u00e3o das chuvas intensas.<\/p>\n<p>Acompanhe as atualiza\u00e7\u00f5es sobre a situa\u00e7\u00e3o das chuvas por meio do Twitter do Governo do Estado de S\u00e3o Paulo: @governosp.<br \/>\nCadastre-se no 40199 e receba mensagens de alerta de emerg\u00eancia via SMS \u2013 http:\/\/www.spalerta.sp.gov.br\/topicos\/alertas\/<\/p>\n<p>*Com informa\u00e7\u00f5es do Portal do Governo do Estado de S\u00e3o Paulo<\/p>\n","protected":false},"excerpt":{"rendered":"<p>Di\u00e1rio Oficial publica neste s\u00e1bado, 25, decreto do governador declarando de utilidade p\u00fablica terreno particular de 10,6 mil m\u00b2 para implanta\u00e7\u00e3o de programa habitacional O governador Tarc\u00edsio de Freitas assinou nesta sexta-feira (24) decreto declarando de utilidade p\u00fablica um terreno particular de 10.632 m\u00b2 na Vila Sahy, na Barra do Sahy (S\u00e3o Sebasti\u00e3o) para fins [&hellip;]<\/p>\n","protected":false},"author":1,"featured_media":6747,"comment_status":"open","ping_status":"open","sticky":false,"template":"","format":"standard","meta":{"footnotes":""},"categories":[48],"tags":[],"class_list":{"0":"post-6746","1":"post","2":"type-post","3":"status-publish","4":"format-standard","5":"has-post-thumbnail","7":"category-geral"},"_links":{"self":[{"href":"https:\/\/jm-metropole.com.br\/site\/wp-json\/wp\/v2\/posts\/6746","targetHints":{"allow":["GET"]}}],"collection":[{"href":"https:\/\/jm-metropole.com.br\/site\/wp-json\/wp\/v2\/posts"}],"about":[{"href":"https:\/\/jm-metropole.com.br\/site\/wp-json\/wp\/v2\/types\/post"}],"author":[{"embeddable":true,"href":"https:\/\/jm-metropole.com.br\/site\/wp-json\/wp\/v2\/users\/1"}],"replies":[{"embeddable":true,"href":"https:\/\/jm-metropole.com.br\/site\/wp-json\/wp\/v2\/comments?post=6746"}],"version-history":[{"count":1,"href":"https:\/\/jm-metropole.com.br\/site\/wp-json\/wp\/v2\/posts\/6746\/revisions"}],"predecessor-version":[{"id":6748,"href":"https:\/\/jm-metropole.com.br\/site\/wp-json\/wp\/v2\/posts\/6746\/revisions\/6748"}],"wp:featuredmedia":[{"embeddable":true,"href":"https:\/\/jm-metropole.com.br\/site\/wp-json\/wp\/v2\/media\/6747"}],"wp:attachment":[{"href":"https:\/\/jm-metropole.com.br\/site\/wp-json\/wp\/v2\/media?parent=6746"}],"wp:term":[{"taxonomy":"category","embeddable":true,"href":"https:\/\/jm-metropole.com.br\/site\/wp-json\/wp\/v2\/categories?post=6746"},{"taxonomy":"post_tag","embeddable":true,"href":"https:\/\/jm-metropole.com.br\/site\/wp-json\/wp\/v2\/tags?post=6746"}],"curies":[{"name":"wp","href":"https:\/\/api.w.org\/{rel}","templated":true}]}}