{"id":6738,"date":"2023-02-24T15:41:28","date_gmt":"2023-02-24T18:41:28","guid":{"rendered":"https:\/\/jm-metropole.com.br\/site\/?p=6738"},"modified":"2023-02-24T15:41:28","modified_gmt":"2023-02-24T18:41:28","slug":"pessoas-com-deficiencia-customizam-abadas-para-desfile-inclusivo-de-carnaval-no-proximo-dia-4","status":"publish","type":"post","link":"https:\/\/jm-metropole.com.br\/site\/pessoas-com-deficiencia-customizam-abadas-para-desfile-inclusivo-de-carnaval-no-proximo-dia-4\/","title":{"rendered":"Pessoas com defici\u00eancia customizam abad\u00e1s para desfile inclusivo de carnaval no pr\u00f3ximo dia 4"},"content":{"rendered":"<p>A Prefeitura de Guarulhos promoveu nesta\u00a0sexta-feira (24) uma oficina gratuita de abad\u00e1s de carnaval para pessoas com diversos tipos de defici\u00eancia na sede da Subsecretaria de Acessibilidade e Inclus\u00e3o, no Macedo. Os 35 inscritos para a atividade e seus acompanhantes utilizaram lantejoulas, fitas coloridas, franjas e plumas para personalizar a vestimenta que usar\u00e3o na ala inclusiva do Bloco Jacar\u00e9 de Teta, cujo desfile carnavalesco acontecer\u00e1 no pr\u00f3ximo dia\u00a04 de mar\u00e7o (s\u00e1bado) no Parque Cecap a partir das 11h.<br \/>\n\u201cEsta \u00e9 uma atividade cultural, de inclus\u00e3o e de socializa\u00e7\u00e3o para as pessoas com defici\u00eancia e que conta com parceria da Vigorito. \u00c9 importante estimularmos a ocupa\u00e7\u00e3o de espa\u00e7os e, desta forma, tamb\u00e9m combatermos o preconceito e a discrimina\u00e7\u00e3o contra esse segmento\u201d, disse o subsecret\u00e1rio de Acessibilidade e Inclus\u00e3o, Gilberto Penido, que estima reunir no desfile do bloco 200 participantes, entre pessoas com defici\u00eancia e seus acompanhantes.<\/p>\n<p>Apreciador estilos musicais como rock, forr\u00f3 e ax\u00e9, Vin\u00edcius Oliveira da Silva, de 18 anos, decorou seu abad\u00e1 com fitas para estrear no desfile do Jacar\u00e9 de Teta. \u201cVai ser muito divertido. Vou dan\u00e7ar bastante\u201d, contou o jovem autista, que concluiu o ensino m\u00e9dio e planeja fazer um curso de locutor de r\u00e1dio.<\/p>\n<p>Segundo sua m\u00e3e, a dona de casa Luzia Oliveira da Silva, estar no bloco \u00e9 uma maneira de tirar o filho de casa para passear. \u201cTrata-se de um incentivo para que ele conviva com outras pessoas, pois \u00e9 muito inteligente e gosta de ficar no computador\u201d, revelou a moradora do Jardim Presidente Dutra.<\/p>\n<p>Melissa Aparecida Penas Franco \u00e9 m\u00e3e de Emanuelly Fernanda, de sete anos, que nasceu com defici\u00eancia auditiva. Aluna de uma classe bil\u00edngue para surdos na EPG Crispiniano Soares, ela consegue sentir a vibra\u00e7\u00e3o do som alto e gosta de brincar e dan\u00e7ar com as primas. \u00c9 primeira vez que participar\u00e1 do carnaval de rua. \u201c\u00c9 uma oportunidade de ela conhecer mais crian\u00e7as e de se divertir tamb\u00e9m\u201d, afirmou Melissa, que vive no Jardim das Palmeiras.<\/p>\n<p>Ala Inclusiva<br \/>\nPela\u00a0segunda\u00a0vez a Subsecretaria de Acessibilidade e Inclus\u00e3o, integrante da Secretaria de Direitos Humanos, leva pessoas com todos os tipos de defici\u00eancia para integrar a ala inclusiva do Bloco Jacar\u00e9 de Teta, que desfilar\u00e1 atr\u00e1s da bateria. A concentra\u00e7\u00e3o dos participantes dessa ala ocorrer\u00e1 \u00e0s 11h no Centro Comercial do Parque Cecap para que possam prestigiar a apresenta\u00e7\u00e3o da bateria dos assistidos pela Casa de Davi.<\/p>\n<p>No local haver\u00e1 tamb\u00e9m brinquedos infl\u00e1veis, brincadeiras com bolinha de sab\u00e3o e os foli\u00f5es ganhar\u00e3o pulseiras que v\u00e3o permitir visitar o trio el\u00e9trico parado, antes do in\u00edcio do cortejo pelas vias do bairro.<\/p>\n<p>Foto: Marcio Lino\/PMG<\/p>\n","protected":false},"excerpt":{"rendered":"<p>A Prefeitura de Guarulhos promoveu nesta\u00a0sexta-feira (24) uma oficina gratuita de abad\u00e1s de carnaval para pessoas com diversos tipos de defici\u00eancia na sede da Subsecretaria de Acessibilidade e Inclus\u00e3o, no Macedo. Os 35 inscritos para a atividade e seus acompanhantes utilizaram lantejoulas, fitas coloridas, franjas e plumas para personalizar a vestimenta que usar\u00e3o na ala [&hellip;]<\/p>\n","protected":false},"author":1,"featured_media":6739,"comment_status":"open","ping_status":"open","sticky":false,"template":"","format":"standard","meta":{"footnotes":""},"categories":[3],"tags":[],"class_list":{"0":"post-6738","1":"post","2":"type-post","3":"status-publish","4":"format-standard","5":"has-post-thumbnail","7":"category-guarulhos"},"_links":{"self":[{"href":"https:\/\/jm-metropole.com.br\/site\/wp-json\/wp\/v2\/posts\/6738","targetHints":{"allow":["GET"]}}],"collection":[{"href":"https:\/\/jm-metropole.com.br\/site\/wp-json\/wp\/v2\/posts"}],"about":[{"href":"https:\/\/jm-metropole.com.br\/site\/wp-json\/wp\/v2\/types\/post"}],"author":[{"embeddable":true,"href":"https:\/\/jm-metropole.com.br\/site\/wp-json\/wp\/v2\/users\/1"}],"replies":[{"embeddable":true,"href":"https:\/\/jm-metropole.com.br\/site\/wp-json\/wp\/v2\/comments?post=6738"}],"version-history":[{"count":1,"href":"https:\/\/jm-metropole.com.br\/site\/wp-json\/wp\/v2\/posts\/6738\/revisions"}],"predecessor-version":[{"id":6740,"href":"https:\/\/jm-metropole.com.br\/site\/wp-json\/wp\/v2\/posts\/6738\/revisions\/6740"}],"wp:featuredmedia":[{"embeddable":true,"href":"https:\/\/jm-metropole.com.br\/site\/wp-json\/wp\/v2\/media\/6739"}],"wp:attachment":[{"href":"https:\/\/jm-metropole.com.br\/site\/wp-json\/wp\/v2\/media?parent=6738"}],"wp:term":[{"taxonomy":"category","embeddable":true,"href":"https:\/\/jm-metropole.com.br\/site\/wp-json\/wp\/v2\/categories?post=6738"},{"taxonomy":"post_tag","embeddable":true,"href":"https:\/\/jm-metropole.com.br\/site\/wp-json\/wp\/v2\/tags?post=6738"}],"curies":[{"name":"wp","href":"https:\/\/api.w.org\/{rel}","templated":true}]}}