{"id":6735,"date":"2023-02-24T15:38:41","date_gmt":"2023-02-24T18:38:41","guid":{"rendered":"https:\/\/jm-metropole.com.br\/site\/?p=6735"},"modified":"2023-02-24T15:38:41","modified_gmt":"2023-02-24T18:38:41","slug":"vacinacao-de-reforco-contra-a-covid-para-idosos-80-e-imunossuprimidos-comeca-segunda-feira","status":"publish","type":"post","link":"https:\/\/jm-metropole.com.br\/site\/vacinacao-de-reforco-contra-a-covid-para-idosos-80-e-imunossuprimidos-comeca-segunda-feira\/","title":{"rendered":"Vacina\u00e7\u00e3o de refor\u00e7o contra a covid para idosos 80+ e imunossuprimidos come\u00e7a\u00a0segunda-feira"},"content":{"rendered":"<p>Na pr\u00f3xima\u00a0segunda-feira (27) a Prefeitura de Guarulhos vai iniciar a aplica\u00e7\u00e3o da dose de refor\u00e7o da vacina contra a covid-19 nos idosos com mais de 80 anos e em pessoas imunossuprimidas graves, desde que j\u00e1 tenham o esquema prim\u00e1rio completo (duas doses) e o m\u00ednimo de quatro meses de intervalo da \u00faltima imuniza\u00e7\u00e3o.<\/p>\n<p>O imunizante a ser utilizado ser\u00e1 a Pfizer bivalente (que tamb\u00e9m protege contra a variante \u00f4micron) e os locais utilizados para a imuniza\u00e7\u00e3o s\u00e3o os polos de vacina\u00e7\u00e3o da Pfizer Pedi\u00e1trica, da Pfizer Baby e da Coronavac, destinadas ao p\u00fablico infantil.<br \/>\nOs polos dessas tr\u00eas vacinas foram ampliados de 22 para 36 Unidades B\u00e1sicas de Sa\u00fade (UBS) desde o \u00faltimo dia\u00a06 de fevereiro, distribu\u00eddas pelas quatro regi\u00f5es do munic\u00edpio. A medida foi tomada pela Secretaria da Sa\u00fade a fim de garantir mais acessibilidade \u00e0s fam\u00edlias.<\/p>\n<p>Confira todos os polos<br \/>\nRegi\u00e3o Centro: UBS Vila F\u00e1tima, Ponte Grande, Tranquilidade, S\u00e3o Ricardo, Cecap e o Ambulat\u00f3rio da Crian\u00e7a.<\/p>\n<p>Regi\u00e3o Cantareira: UBS Vila Galv\u00e3o, Jovaia, Cidade Martins, Recreio, Belvedere, Rosa de Fran\u00e7a, Continental, Cabu\u00e7u, Ac\u00e1cio e Morros.<\/p>\n<p>Regi\u00e3o S\u00e3o Jo\u00e3o-Bonsucesso: UBS Lavras, Ser\u00f3dio, Santa Paula, Inocoop, Bananal, Fortaleza, Haroldo Veloso, Nova Bonsucesso, Marin\u00f3polis e Soberana.<br \/>\nRegi\u00e3o Pimentas-Cumbica: UBS Mario Macca, Cumbica I, Normandia, Alvorada, Pimentas, Jacy, Cummins, Jurema, Piratininga e Jandaia.<\/p>\n<p>Servi\u00e7o<br \/>\nO Ambulat\u00f3rio da Crian\u00e7a est\u00e1 localizado na rua Osvaldo Cruz, 151, Centro, e os endere\u00e7os das UBS podem ser consultados em\u00a0www.guarulhos.sp.gov.br\/unidades-basicas-de-saude-ubs.<\/p>\n<p>Foto: Fabio Nunes Teixeira\/PMG<\/p>\n","protected":false},"excerpt":{"rendered":"<p>Na pr\u00f3xima\u00a0segunda-feira (27) a Prefeitura de Guarulhos vai iniciar a aplica\u00e7\u00e3o da dose de refor\u00e7o da vacina contra a covid-19 nos idosos com mais de 80 anos e em pessoas imunossuprimidas graves, desde que j\u00e1 tenham o esquema prim\u00e1rio completo (duas doses) e o m\u00ednimo de quatro meses de intervalo da \u00faltima imuniza\u00e7\u00e3o. O imunizante [&hellip;]<\/p>\n","protected":false},"author":1,"featured_media":6736,"comment_status":"open","ping_status":"open","sticky":false,"template":"","format":"standard","meta":{"footnotes":""},"categories":[3],"tags":[],"class_list":{"0":"post-6735","1":"post","2":"type-post","3":"status-publish","4":"format-standard","5":"has-post-thumbnail","7":"category-guarulhos"},"_links":{"self":[{"href":"https:\/\/jm-metropole.com.br\/site\/wp-json\/wp\/v2\/posts\/6735","targetHints":{"allow":["GET"]}}],"collection":[{"href":"https:\/\/jm-metropole.com.br\/site\/wp-json\/wp\/v2\/posts"}],"about":[{"href":"https:\/\/jm-metropole.com.br\/site\/wp-json\/wp\/v2\/types\/post"}],"author":[{"embeddable":true,"href":"https:\/\/jm-metropole.com.br\/site\/wp-json\/wp\/v2\/users\/1"}],"replies":[{"embeddable":true,"href":"https:\/\/jm-metropole.com.br\/site\/wp-json\/wp\/v2\/comments?post=6735"}],"version-history":[{"count":1,"href":"https:\/\/jm-metropole.com.br\/site\/wp-json\/wp\/v2\/posts\/6735\/revisions"}],"predecessor-version":[{"id":6737,"href":"https:\/\/jm-metropole.com.br\/site\/wp-json\/wp\/v2\/posts\/6735\/revisions\/6737"}],"wp:featuredmedia":[{"embeddable":true,"href":"https:\/\/jm-metropole.com.br\/site\/wp-json\/wp\/v2\/media\/6736"}],"wp:attachment":[{"href":"https:\/\/jm-metropole.com.br\/site\/wp-json\/wp\/v2\/media?parent=6735"}],"wp:term":[{"taxonomy":"category","embeddable":true,"href":"https:\/\/jm-metropole.com.br\/site\/wp-json\/wp\/v2\/categories?post=6735"},{"taxonomy":"post_tag","embeddable":true,"href":"https:\/\/jm-metropole.com.br\/site\/wp-json\/wp\/v2\/tags?post=6735"}],"curies":[{"name":"wp","href":"https:\/\/api.w.org\/{rel}","templated":true}]}}