{"id":6720,"date":"2023-02-24T07:02:18","date_gmt":"2023-02-24T10:02:18","guid":{"rendered":"https:\/\/jm-metropole.com.br\/site\/?p=6720"},"modified":"2023-02-24T07:02:18","modified_gmt":"2023-02-24T10:02:18","slug":"governo-de-sao-paulo-anuncia-mais-de-r-500-milhoes-em-linhas-de-credito-para-recuperacao-da-atividade-economica-no-litoral-norte","status":"publish","type":"post","link":"https:\/\/jm-metropole.com.br\/site\/governo-de-sao-paulo-anuncia-mais-de-r-500-milhoes-em-linhas-de-credito-para-recuperacao-da-atividade-economica-no-litoral-norte\/","title":{"rendered":"Governo de S\u00e3o Paulo anuncia mais de R$ 500 milh\u00f5es em linhas de cr\u00e9dito para recupera\u00e7\u00e3o da atividade econ\u00f4mica no Litoral Norte"},"content":{"rendered":"<p>An\u00fancio foi feito pelo governador Tarc\u00edsio de Freitas nesta quinta-feira (23). Financiamentos v\u00e3o atender microempreendedores informais, empresas de pequeno e m\u00e9dio porte e Prefeituras da regi\u00e3o<\/p>\n<p>O Governo de S\u00e3o Paulo vai implementar tr\u00eas linhas de cr\u00e9dito para auxiliar na recupera\u00e7\u00e3o da atividade econ\u00f4mica no Litoral Norte. Ao todo, ser\u00e3o disponibilizados mais de R$ 500 milh\u00f5es, por meio do Banco do Povo e da Desenvolve SP. A medida \u00e9 uma das a\u00e7\u00f5es implementadas para mitigar os impactos das fortes chuvas e consequentes deslizamentos de terra que atingiram a regi\u00e3o.<\/p>\n<p>&#8220;Vamos ter uma ajuda financeira bastante robusta. Vamos irrigar a regi\u00e3o com cr\u00e9dito. Isso vai ser muito importante nesse momento, principalmente para quem perdeu tudo nessa trag\u00e9dia&#8221;, destacou o governador Tarc\u00edsio de Freitas.<\/p>\n<p>A linha de cr\u00e9dito com maior volume de recursos disponibilizados \u00e9 para os munic\u00edpios do Litoral Norte e da Baixada Santista mais atingidos pelos desastres naturais. S\u00e3o R$ 283 milh\u00f5es, por meio da Desenvolve SP, que ficar\u00e3o \u00e0 disposi\u00e7\u00e3o de Bertioga, Caraguatatuba, Guaruj\u00e1, Ilhabela, S\u00e3o Sebasti\u00e3o e Ubatuba &#8211; cidades que tiveram o estado de calamidade p\u00fablica decretado pelo Governo de S\u00e3o Paulo. As Prefeituras que acessarem esses recursos ter\u00e3o car\u00eancia de 12 meses (1 ano) para o in\u00edcio do pagamento dos financiamentos. Ser\u00e3o acrescidos juros de 0,25% ao m\u00eas, mais a taxa Selic.<\/p>\n<p>&#8220;\u00c9 um empr\u00e9stimo que n\u00e3o compromete o balan\u00e7o da Desenvolve SP, porque temos uma garantia que \u00e9 o repasse do ICMS. Temos condi\u00e7\u00f5es de fornecer esse cr\u00e9dito para que os munic\u00edpios possam se reerguer&#8221;, disse o governador.<\/p>\n<p>J\u00e1 as empresas de pequeno e m\u00e9dio porte poder\u00e3o ter acesso a at\u00e9 R$ 200 milh\u00f5es em financiamentos disponibilizados pela Desenvolve SP. O prazo de car\u00eancia para esta linha \u00e9 12 meses (1 ano), com prazo de pagamento de at\u00e9 60 meses (5 anos). Os contratos firmados nesta linha de cr\u00e9dito ser\u00e3o acrescidos da taxa Selic e mais 0,57% ao m\u00eas nas parcelas.<\/p>\n<p>Microempreendedores e empreendedores informais<br \/>\nUma das linhas vai ter at\u00e9 R$ 30 milh\u00f5es dispon\u00edveis para microempreendedores e empreendedores informais, por meio do Banco do Povo. Poder\u00e3o ser contratados financiamentos de at\u00e9 R$ 21 mil. A car\u00eancia para o in\u00edcio dos pagamentos ser\u00e1 de 180 dias (6 meses) e com prazo de quita\u00e7\u00e3o dos cr\u00e9ditos em 48 meses (2 anos). N\u00e3o ser\u00e3o cobradas taxas de juros dos mutu\u00e1rios.<\/p>\n<p>&#8220;Temos uma preocupa\u00e7\u00e3o de como as pessoas v\u00e3o voltar a caminhar com as pr\u00f3prias pernas com os seus neg\u00f3cios. Muitos pequenos empreendedores que perderam seus produtos, tudo o que tinham. E n\u00f3s vamos abrir uma linha de cr\u00e9dito para esse que essas pessoas possam se reerguer. Queremos atender pelo menos mil pequenos empreendedores&#8221;, refor\u00e7ou Tarc\u00edsio de Freitas.<\/p>\n<p>Acompanhe as atualiza\u00e7\u00f5es sobre a situa\u00e7\u00e3o das chuvas por meio do Twitter do Governo do Estado de S\u00e3o Paulo: @governosp.<br \/>\nCadastre-se no 40199 e receba mensagens de alerta de emerg\u00eancia via SMS \u2013 http:\/\/www.spalerta.sp.gov.br\/topicos\/alertas\/<\/p>\n","protected":false},"excerpt":{"rendered":"<p>An\u00fancio foi feito pelo governador Tarc\u00edsio de Freitas nesta quinta-feira (23). Financiamentos v\u00e3o atender microempreendedores informais, empresas de pequeno e m\u00e9dio porte e Prefeituras da regi\u00e3o O Governo de S\u00e3o Paulo vai implementar tr\u00eas linhas de cr\u00e9dito para auxiliar na recupera\u00e7\u00e3o da atividade econ\u00f4mica no Litoral Norte. Ao todo, ser\u00e3o disponibilizados mais de R$ 500 [&hellip;]<\/p>\n","protected":false},"author":1,"featured_media":6721,"comment_status":"open","ping_status":"open","sticky":false,"template":"","format":"standard","meta":{"footnotes":""},"categories":[48],"tags":[],"class_list":{"0":"post-6720","1":"post","2":"type-post","3":"status-publish","4":"format-standard","5":"has-post-thumbnail","7":"category-geral"},"_links":{"self":[{"href":"https:\/\/jm-metropole.com.br\/site\/wp-json\/wp\/v2\/posts\/6720","targetHints":{"allow":["GET"]}}],"collection":[{"href":"https:\/\/jm-metropole.com.br\/site\/wp-json\/wp\/v2\/posts"}],"about":[{"href":"https:\/\/jm-metropole.com.br\/site\/wp-json\/wp\/v2\/types\/post"}],"author":[{"embeddable":true,"href":"https:\/\/jm-metropole.com.br\/site\/wp-json\/wp\/v2\/users\/1"}],"replies":[{"embeddable":true,"href":"https:\/\/jm-metropole.com.br\/site\/wp-json\/wp\/v2\/comments?post=6720"}],"version-history":[{"count":1,"href":"https:\/\/jm-metropole.com.br\/site\/wp-json\/wp\/v2\/posts\/6720\/revisions"}],"predecessor-version":[{"id":6722,"href":"https:\/\/jm-metropole.com.br\/site\/wp-json\/wp\/v2\/posts\/6720\/revisions\/6722"}],"wp:featuredmedia":[{"embeddable":true,"href":"https:\/\/jm-metropole.com.br\/site\/wp-json\/wp\/v2\/media\/6721"}],"wp:attachment":[{"href":"https:\/\/jm-metropole.com.br\/site\/wp-json\/wp\/v2\/media?parent=6720"}],"wp:term":[{"taxonomy":"category","embeddable":true,"href":"https:\/\/jm-metropole.com.br\/site\/wp-json\/wp\/v2\/categories?post=6720"},{"taxonomy":"post_tag","embeddable":true,"href":"https:\/\/jm-metropole.com.br\/site\/wp-json\/wp\/v2\/tags?post=6720"}],"curies":[{"name":"wp","href":"https:\/\/api.w.org\/{rel}","templated":true}]}}