{"id":6695,"date":"2023-02-23T12:30:49","date_gmt":"2023-02-23T15:30:49","guid":{"rendered":"https:\/\/jm-metropole.com.br\/site\/?p=6695"},"modified":"2023-02-23T12:30:49","modified_gmt":"2023-02-23T15:30:49","slug":"mais-de-12-mil-pessoas-passaram-pelo-carnaval-de-santa-isabel-segundo-pm","status":"publish","type":"post","link":"https:\/\/jm-metropole.com.br\/site\/mais-de-12-mil-pessoas-passaram-pelo-carnaval-de-santa-isabel-segundo-pm\/","title":{"rendered":"MAIS DE 12 MIL PESSOAS PASSARAM PELO CARNAVAL DE SANTA ISABEL, SEGUNDO PM"},"content":{"rendered":"<p>O Carnaval de Santa Isabel 2023 contou com um p\u00fablico de mais de 12 mil pessoas em cinco dias de festa, entre os dias 17 e 21 de fevereiro. De acordo com a Pol\u00edcia Militar, os n\u00fameros dizem respeito aos foli\u00f5es concentrados na Pra\u00e7a da Bandeira, na Pra\u00e7a Fernando Lopes e na Avenida da Rep\u00fablica.<\/p>\n<p>A seguran\u00e7a do p\u00fablico foi garantida por meio de um refor\u00e7o da Pol\u00edcia Militar, que contou com o empenho de cem por cento do efetivo de Santa Isabel, al\u00e9m de a colabora\u00e7\u00e3o de equipes do policiamento de Aruj\u00e1, Pimentas e regi\u00e3o central de Guarulhos. Durante todo o evento n\u00e3o houve registro de ocorr\u00eancias graves, segundo a Pol\u00edcia Militar.<\/p>\n<p>Com uma programa\u00e7\u00e3o diversificada e voltada a todas as idades, a edi\u00e7\u00e3o de uma das principais festas da cidade trouxe esse ano a tem\u00e1tica \u201cHomeria Baiana\u201d, uma homenagem a dois \u00edcones culturais de Santa Isabel; Homero Vallone e Maria Baiana. Dentre as principais atra\u00e7\u00f5es, se destacaram o desfile de blocos e as bandas e DJs que tocaram nas pra\u00e7as.<\/p>\n<p>Na Avenida da Rep\u00fablica, no domingo (19\/02) e na ter\u00e7a-feira (21\/02), blocos de Carnaval desfilaram tocando o melhor das batucadas carnavalescas. Participaram do desfile, os blocos dos Fanfarr\u00f5es, Boi-Ol\u00e1, Num-Guentu, Bola de Neve Church e Maria Baiana. Cada um com uma tem\u00e1tica em seus sambas-enredos, compostos especialmente para o evento.<\/p>\n<p>Na pra\u00e7a da Bandeira, a festa foi pensada para a fam\u00edlia isabelense, e por l\u00e1, o coreto foi palco para as marchinhas dos Fanfarr\u00f5es, que alegraram as matin\u00eas das crian\u00e7as e o Carnaval da Saudade, da terceira idade. Al\u00e9m disso, brinquedos infl\u00e1veis foram disponibilizados gratuitamente para os pequenos, que aproveitaram as brincadeiras durante todas as tardes.<\/p>\n<p>Na Pra\u00e7a Fernando Lopes (Galeria) as bandas Kurtindo + e Mik7, al\u00e9m dos DJs Celsinho Rossetti, Eduardo Nunes e Cla\u00fadio Xaquaia levaram muita m\u00fasica e anima\u00e7\u00e3o ao p\u00fablico presente. O local foi o de maior concentra\u00e7\u00e3o de pessoas em toda festa, e mesmo com chuva, os foli\u00f5es n\u00e3o deixaram de curtir nenhum dia.<\/p>\n<p>O prefeito, Dr. Carlos Chinchilla, avalia que a festa foi um sucesso: \u201cConseguimos levar divers\u00e3o a todos os p\u00fablicos, desde os pequenos at\u00e9 a terceira idade. O melhor foi que garantimos a folia com muita ordem, gra\u00e7as \u00e0 parceria com as pol\u00edcias Civil e Militar\u201d, diz.<\/p>\n<p>O prefeito afirmou ainda que, depois de dois anos sem Carnaval, a festa foi um presente para Santa Isabel: \u201cVencemos desafios, e sabemos que nossa cidade merece uma festa como essa. Foi tudo pensado para trazer alegria \u00e0 fam\u00edlia isabelense, e tenho certeza que alcan\u00e7amos esse objetivo\u201d, conclui.<\/p>\n","protected":false},"excerpt":{"rendered":"<p>O Carnaval de Santa Isabel 2023 contou com um p\u00fablico de mais de 12 mil pessoas em cinco dias de festa, entre os dias 17 e 21 de fevereiro. De acordo com a Pol\u00edcia Militar, os n\u00fameros dizem respeito aos foli\u00f5es concentrados na Pra\u00e7a da Bandeira, na Pra\u00e7a Fernando Lopes e na Avenida da Rep\u00fablica. [&hellip;]<\/p>\n","protected":false},"author":1,"featured_media":6696,"comment_status":"open","ping_status":"open","sticky":false,"template":"","format":"standard","meta":{"footnotes":""},"categories":[5],"tags":[],"class_list":{"0":"post-6695","1":"post","2":"type-post","3":"status-publish","4":"format-standard","5":"has-post-thumbnail","7":"category-santa-isabel"},"_links":{"self":[{"href":"https:\/\/jm-metropole.com.br\/site\/wp-json\/wp\/v2\/posts\/6695","targetHints":{"allow":["GET"]}}],"collection":[{"href":"https:\/\/jm-metropole.com.br\/site\/wp-json\/wp\/v2\/posts"}],"about":[{"href":"https:\/\/jm-metropole.com.br\/site\/wp-json\/wp\/v2\/types\/post"}],"author":[{"embeddable":true,"href":"https:\/\/jm-metropole.com.br\/site\/wp-json\/wp\/v2\/users\/1"}],"replies":[{"embeddable":true,"href":"https:\/\/jm-metropole.com.br\/site\/wp-json\/wp\/v2\/comments?post=6695"}],"version-history":[{"count":1,"href":"https:\/\/jm-metropole.com.br\/site\/wp-json\/wp\/v2\/posts\/6695\/revisions"}],"predecessor-version":[{"id":6697,"href":"https:\/\/jm-metropole.com.br\/site\/wp-json\/wp\/v2\/posts\/6695\/revisions\/6697"}],"wp:featuredmedia":[{"embeddable":true,"href":"https:\/\/jm-metropole.com.br\/site\/wp-json\/wp\/v2\/media\/6696"}],"wp:attachment":[{"href":"https:\/\/jm-metropole.com.br\/site\/wp-json\/wp\/v2\/media?parent=6695"}],"wp:term":[{"taxonomy":"category","embeddable":true,"href":"https:\/\/jm-metropole.com.br\/site\/wp-json\/wp\/v2\/categories?post=6695"},{"taxonomy":"post_tag","embeddable":true,"href":"https:\/\/jm-metropole.com.br\/site\/wp-json\/wp\/v2\/tags?post=6695"}],"curies":[{"name":"wp","href":"https:\/\/api.w.org\/{rel}","templated":true}]}}