{"id":659,"date":"2022-05-03T20:48:23","date_gmt":"2022-05-03T23:48:23","guid":{"rendered":"https:\/\/jm-metropole.com.br\/site\/?p=659"},"modified":"2022-05-03T20:48:23","modified_gmt":"2022-05-03T23:48:23","slug":"elektro-indignacao-popular-faz-com-que-comitiva-arujaense-va-a-brasilia-em-busca-de-providencias-contra-a-empresa","status":"publish","type":"post","link":"https:\/\/jm-metropole.com.br\/site\/elektro-indignacao-popular-faz-com-que-comitiva-arujaense-va-a-brasilia-em-busca-de-providencias-contra-a-empresa\/","title":{"rendered":"Elektro: Indigna\u00e7\u00e3o popular faz com que comitiva arujaense v\u00e1 a Bras\u00edlia em busca de provid\u00eancias contra a empresa"},"content":{"rendered":"<p>Diariamente a reda\u00e7\u00e3o do Jornal Metr\u00f3pole recebe v\u00e1rias reclama\u00e7\u00f5es contra a Elektro, concession\u00e1ria respons\u00e1vel pelo fornecimento de energia \u00e0s cidades de Aruj\u00e1 e Santa Isabel. As queixas frequentes s\u00e3o relacionadas a queda de energia, ou a retomada no fornecimento. \u00c9 n\u00edtido que a popula\u00e7\u00e3o j\u00e1 n\u00e3o aguenta mais o descaso da empresa com seus clientes, sendo que alguns j\u00e1 acumulam preju\u00edzos com eletrodom\u00e9sticos queimados por instabilidade na rede.<\/p>\n<p>Esta semana, o Deputado Roberto de Lucena e um grupo de vereadores de Aruj\u00e1 foram a Bras\u00edlia cobrar melhorias no servi\u00e7o prestado, e uma representa\u00e7\u00e3o contra a concession\u00e1ria de energia el\u00e9trica foi protocolada pessoalmente na Ag\u00eancia Nacional de Energia El\u00e9trica (Aneel) ANEEL. O encontro ocorreu na \u00faltima ter\u00e7a-feira (26\/04).<\/p>\n<p>A comitiva entregou pessoalmente \u00e0 superintend\u00eancia da ag\u00eancia, uma representa\u00e7\u00e3o contra a concession\u00e1ria de energia el\u00e9trica. Compondo o grupo, estavam os parlamentares municipais: Abelzinho, atual presidente da Casa; e pelos vereadores Divinei da Silva, Reynaldinho, Cris do Barreto, Jo\u00e3o Luiz, Luiz Fernando e Vin\u00edcius Pateta. Tamb\u00e9m esteve presente o secret\u00e1rio Municipal de Governo de Aruj\u00e1, Rog\u00e9rio da Padaria.<\/p>\n<p><img loading=\"lazy\" decoding=\"async\" class=\"size-medium wp-image-660 alignright\" src=\"https:\/\/jm-metropole.com.br\/site\/wp-content\/uploads\/2022\/05\/WhatsApp-Image-2022-05-03-at-20.27.06-1-300x146.jpeg\" alt=\"\" width=\"300\" height=\"146\" srcset=\"https:\/\/jm-metropole.com.br\/site\/wp-content\/uploads\/2022\/05\/WhatsApp-Image-2022-05-03-at-20.27.06-1-300x146.jpeg 300w, https:\/\/jm-metropole.com.br\/site\/wp-content\/uploads\/2022\/05\/WhatsApp-Image-2022-05-03-at-20.27.06-1-150x73.jpeg 150w, https:\/\/jm-metropole.com.br\/site\/wp-content\/uploads\/2022\/05\/WhatsApp-Image-2022-05-03-at-20.27.06-1-696x338.jpeg 696w, https:\/\/jm-metropole.com.br\/site\/wp-content\/uploads\/2022\/05\/WhatsApp-Image-2022-05-03-at-20.27.06-1.jpeg 721w\" sizes=\"auto, (max-width: 300px) 100vw, 300px\" \/>De acordo com Roberto de Lucena, o motivo da medida foi tomar provid\u00eancias urgentes voltadas a energia el\u00e9trica de Aruj\u00e1: \u201cH\u00e1 tempos nosso mandato vem conversando com o prefeito arujaense, Luis Camargo e com os vereadores, sobre o fornecimento de energia el\u00e9trica em Aruj\u00e1. Na \u00faltima semana, moradores de diversos bairros chegaram a ficar dois dias sem luz\u201d, pontua Lucena.<\/p>\n<p>Dentre as reclama\u00e7\u00f5es apresentadas se destacaram as provid\u00eancias a serem tomadas com rela\u00e7\u00e3o ao abandono da fia\u00e7\u00e3o deixada pelas empresas de telefonia, que utilizam os postes da Elektro. Tamb\u00e9m foi cobrada da superintend\u00eancia mais uma Central de Distribui\u00e7\u00e3o de energia no munic\u00edpio, al\u00e9m do desligamento da rede para a poda de \u00e1rvores. Tamb\u00e9m foi citada a morosidade no restabelecimento da energia em casos de queda, entre outras demandas.<\/p>\n<p>O deputado afirmou ainda que diante tantas reclama\u00e7\u00f5es, legislativo e executivo se uniram a fim de elencar as principais demandas da popula\u00e7\u00e3o, e levar o problema a ANEEL, buscando respostas e provid\u00eancias r\u00e1pidas por parte da concession\u00e1ria. A inten\u00e7\u00e3o \u00e9 chamar aten\u00e7\u00e3o do problema que Aruj\u00e1 vem enfrentando diretamente na ag\u00eancia reguladora deste servi\u00e7o.<\/p>\n<p>Nas redes sociais, o presidente da C\u00e2mara, Abelzinho chegou a classificar a presta\u00e7\u00e3o de servi\u00e7o como \u201cp\u00e9ssimo atendimento\u201d. J\u00e1 o secret\u00e1rio, Rog\u00e9rio da Padaria, destacou que o munic\u00edpio j\u00e1 entrou na Justi\u00e7a contra a Elektro. As representa\u00e7\u00f5es foram protocoladas junto ao Minist\u00e9rio P\u00fablico, e tamb\u00e9m ao Procon.<\/p>\n<p>Insatisfa\u00e7\u00e3o de longa data<\/p>\n<p>Alvo de constantes reclama\u00e7\u00f5es de mun\u00edcipes, a empresa Elektro \u00e9 cobrada pela recorrente falta de energia em diferentes pontos dos munic\u00edpios de Aruj\u00e1 e tamb\u00e9m Santa Isabel, com registro de relatos de queda no fornecimento, ocorridos principalmente em dias de chuva.<\/p>\n<p>A insatisfa\u00e7\u00e3o dos usu\u00e1rios tem chamado cada vez mais a aten\u00e7\u00e3o do Legislativo, que n\u00e3o tem poupado ferramentas para acionar a empresa. Tanto em Aruj\u00e1, quanto em Santa Isabel, j\u00e1 foram registrados of\u00edcios de cobran\u00e7a e men\u00e7\u00f5es de rep\u00fadio contra a empresa.<\/p>\n","protected":false},"excerpt":{"rendered":"<p>Diariamente a reda\u00e7\u00e3o do Jornal Metr\u00f3pole recebe v\u00e1rias reclama\u00e7\u00f5es contra a Elektro, concession\u00e1ria respons\u00e1vel pelo fornecimento de energia \u00e0s cidades de Aruj\u00e1 e Santa Isabel. As queixas frequentes s\u00e3o relacionadas a queda de energia, ou a retomada no fornecimento. \u00c9 n\u00edtido que a popula\u00e7\u00e3o j\u00e1 n\u00e3o aguenta mais o descaso da empresa com seus clientes, [&hellip;]<\/p>\n","protected":false},"author":1,"featured_media":661,"comment_status":"open","ping_status":"open","sticky":false,"template":"","format":"standard","meta":{"footnotes":""},"categories":[4],"tags":[],"class_list":{"0":"post-659","1":"post","2":"type-post","3":"status-publish","4":"format-standard","5":"has-post-thumbnail","7":"category-aruja"},"_links":{"self":[{"href":"https:\/\/jm-metropole.com.br\/site\/wp-json\/wp\/v2\/posts\/659","targetHints":{"allow":["GET"]}}],"collection":[{"href":"https:\/\/jm-metropole.com.br\/site\/wp-json\/wp\/v2\/posts"}],"about":[{"href":"https:\/\/jm-metropole.com.br\/site\/wp-json\/wp\/v2\/types\/post"}],"author":[{"embeddable":true,"href":"https:\/\/jm-metropole.com.br\/site\/wp-json\/wp\/v2\/users\/1"}],"replies":[{"embeddable":true,"href":"https:\/\/jm-metropole.com.br\/site\/wp-json\/wp\/v2\/comments?post=659"}],"version-history":[{"count":1,"href":"https:\/\/jm-metropole.com.br\/site\/wp-json\/wp\/v2\/posts\/659\/revisions"}],"predecessor-version":[{"id":662,"href":"https:\/\/jm-metropole.com.br\/site\/wp-json\/wp\/v2\/posts\/659\/revisions\/662"}],"wp:featuredmedia":[{"embeddable":true,"href":"https:\/\/jm-metropole.com.br\/site\/wp-json\/wp\/v2\/media\/661"}],"wp:attachment":[{"href":"https:\/\/jm-metropole.com.br\/site\/wp-json\/wp\/v2\/media?parent=659"}],"wp:term":[{"taxonomy":"category","embeddable":true,"href":"https:\/\/jm-metropole.com.br\/site\/wp-json\/wp\/v2\/categories?post=659"},{"taxonomy":"post_tag","embeddable":true,"href":"https:\/\/jm-metropole.com.br\/site\/wp-json\/wp\/v2\/tags?post=659"}],"curies":[{"name":"wp","href":"https:\/\/api.w.org\/{rel}","templated":true}]}}