{"id":6438,"date":"2023-02-15T10:37:33","date_gmt":"2023-02-15T13:37:33","guid":{"rendered":"https:\/\/jm-metropole.com.br\/site\/?p=6438"},"modified":"2023-02-15T10:37:33","modified_gmt":"2023-02-15T13:37:33","slug":"ubs-centro-voltara-a-funcionar-anexa-ao-centro-de-especialidades-medicas-cem","status":"publish","type":"post","link":"https:\/\/jm-metropole.com.br\/site\/ubs-centro-voltara-a-funcionar-anexa-ao-centro-de-especialidades-medicas-cem\/","title":{"rendered":"UBS CENTRO VOLTAR\u00c1 A FUNCIONAR ANEXA AO CENTRO DE ESPECIALIDADES M\u00c9DICAS (CEM)"},"content":{"rendered":"<p>Desativada em 2018, a Unidade B\u00e1sica de Sa\u00fade (UBS) do Centro voltar\u00e1 a funcionar at\u00e9 o final deste ano. A constru\u00e7\u00e3o \u00e9 anexa ao Centro de Especialidades M\u00e9dicas (CEM) que fica na avenida dos Expedicion\u00e1rios, 1255, no Centro, e ter\u00e1 nove consult\u00f3rios m\u00e9dicos novos, mais \u00e1rea administrativa e vesti\u00e1rios, sendo considerada uma Unidade Mista, que concentrar\u00e1 a UBS e o Centro de Especialidades. O CEM continuar\u00e1 funcionando normalmente.<\/p>\n<p>Quando a UBS Centro foi desativada, os cerca de 3 a 4 mil pacientes que dela necessitavam (que compreende uma \u00e1rea que vai do Jardim Nova Dutra at\u00e9 o Jardim Josely) precisavam, muitas vezes, pegar dois \u00f4nibus para ir at\u00e9 a UBS mais pr\u00f3xima, que fica no Pilar. Agora, quando a UBS Centro ficar pronta essa demanda ser\u00e1 novamente reabsorvida e Aruj\u00e1 passar\u00e1 a ter oito UBSs ao todo.<\/p>\n","protected":false},"excerpt":{"rendered":"<p>Desativada em 2018, a Unidade B\u00e1sica de Sa\u00fade (UBS) do Centro voltar\u00e1 a funcionar at\u00e9 o final deste ano. A constru\u00e7\u00e3o \u00e9 anexa ao Centro de Especialidades M\u00e9dicas (CEM) que fica na avenida dos Expedicion\u00e1rios, 1255, no Centro, e ter\u00e1 nove consult\u00f3rios m\u00e9dicos novos, mais \u00e1rea administrativa e vesti\u00e1rios, sendo considerada uma Unidade Mista, que [&hellip;]<\/p>\n","protected":false},"author":1,"featured_media":6439,"comment_status":"open","ping_status":"open","sticky":false,"template":"","format":"standard","meta":{"footnotes":""},"categories":[4],"tags":[],"class_list":{"0":"post-6438","1":"post","2":"type-post","3":"status-publish","4":"format-standard","5":"has-post-thumbnail","7":"category-aruja"},"_links":{"self":[{"href":"https:\/\/jm-metropole.com.br\/site\/wp-json\/wp\/v2\/posts\/6438","targetHints":{"allow":["GET"]}}],"collection":[{"href":"https:\/\/jm-metropole.com.br\/site\/wp-json\/wp\/v2\/posts"}],"about":[{"href":"https:\/\/jm-metropole.com.br\/site\/wp-json\/wp\/v2\/types\/post"}],"author":[{"embeddable":true,"href":"https:\/\/jm-metropole.com.br\/site\/wp-json\/wp\/v2\/users\/1"}],"replies":[{"embeddable":true,"href":"https:\/\/jm-metropole.com.br\/site\/wp-json\/wp\/v2\/comments?post=6438"}],"version-history":[{"count":1,"href":"https:\/\/jm-metropole.com.br\/site\/wp-json\/wp\/v2\/posts\/6438\/revisions"}],"predecessor-version":[{"id":6440,"href":"https:\/\/jm-metropole.com.br\/site\/wp-json\/wp\/v2\/posts\/6438\/revisions\/6440"}],"wp:featuredmedia":[{"embeddable":true,"href":"https:\/\/jm-metropole.com.br\/site\/wp-json\/wp\/v2\/media\/6439"}],"wp:attachment":[{"href":"https:\/\/jm-metropole.com.br\/site\/wp-json\/wp\/v2\/media?parent=6438"}],"wp:term":[{"taxonomy":"category","embeddable":true,"href":"https:\/\/jm-metropole.com.br\/site\/wp-json\/wp\/v2\/categories?post=6438"},{"taxonomy":"post_tag","embeddable":true,"href":"https:\/\/jm-metropole.com.br\/site\/wp-json\/wp\/v2\/tags?post=6438"}],"curies":[{"name":"wp","href":"https:\/\/api.w.org\/{rel}","templated":true}]}}