{"id":6435,"date":"2023-02-15T10:35:44","date_gmt":"2023-02-15T13:35:44","guid":{"rendered":"https:\/\/jm-metropole.com.br\/site\/?p=6435"},"modified":"2023-02-15T10:35:44","modified_gmt":"2023-02-15T13:35:44","slug":"bloco-numguentu-e-uma-das-atracoes-da-noite-de-terca-feira-de-carnaval-em-santa-isabel","status":"publish","type":"post","link":"https:\/\/jm-metropole.com.br\/site\/bloco-numguentu-e-uma-das-atracoes-da-noite-de-terca-feira-de-carnaval-em-santa-isabel\/","title":{"rendered":"Bloco Numguentu \u00e9 uma das atra\u00e7\u00f5es da noite de ter\u00e7a-feira  de carnaval em Santa Isabel"},"content":{"rendered":"<p>A cidade de Santa Isabel est\u00e1 preparada para viver uma das noites mais animadas de seu carnaval, que acontecer\u00e1 de 17 a 21 de fevereiro. A ter\u00e7a-feira de carnaval ser\u00e1 marcada pelo desfile do bloco Numguentu, que promete agitar a avenida da Rep\u00fablica a partir das 21h.<\/p>\n<p>O Numguentu \u00e9 conhecido por sua anima\u00e7\u00e3o e tradi\u00e7\u00e3o no futebol, mas nesse carnaval promete animar a multid\u00e3o de foli\u00f5es que lotar\u00e1 a avenida. Os abad\u00e1s podem ser adquiridos atrav\u00e9s das redes sociais do Numguentu e tamb\u00e9m nos com\u00e9rcios parceiros. Al\u00e9m de participar do desfile, quem tem abad\u00e1 tem direito a descontos em diversos com\u00e9rcios da cidade. A lista completa dos com\u00e9rcios parceiros pode ser conferida nas redes sociais do Numguentu (@numguentuoficial).<\/p>\n<p>O carnaval de Santa Isabel, que n\u00e3o acontecia desde 2020, re\u00fane foli\u00f5es de todas as idades. Al\u00e9m do desfile do bloco Numguentu, a programa\u00e7\u00e3o conta com apresenta\u00e7\u00f5es de outros blocos, shows, matin\u00eas com brinquedos infl\u00e1veis e muita anima\u00e7\u00e3o.<\/p>\n<p>A pra\u00e7a Fernando Lopes e a pra\u00e7a da Bandeira ser\u00e3o palco dos shows, j\u00e1 a avenida da Rep\u00fablica receber\u00e1 os desfiles. O carnaval de Santa Isabel \u00e9 um evento que valoriza a tradi\u00e7\u00e3o e a cultura popular, e tem como objetivo proporcionar aos foli\u00f5es momentos de lazer e divers\u00e3o.<\/p>\n<p>N\u00e3o perca a oportunidade de participar dessa festa animada em Santa Isabel. Adquira j\u00e1 o seu abad\u00e1 e venha curtir o carnaval com o bloco Numguentu.<\/p>\n","protected":false},"excerpt":{"rendered":"<p>A cidade de Santa Isabel est\u00e1 preparada para viver uma das noites mais animadas de seu carnaval, que acontecer\u00e1 de 17 a 21 de fevereiro. A ter\u00e7a-feira de carnaval ser\u00e1 marcada pelo desfile do bloco Numguentu, que promete agitar a avenida da Rep\u00fablica a partir das 21h. O Numguentu \u00e9 conhecido por sua anima\u00e7\u00e3o e [&hellip;]<\/p>\n","protected":false},"author":1,"featured_media":6436,"comment_status":"open","ping_status":"open","sticky":false,"template":"","format":"standard","meta":{"footnotes":""},"categories":[5],"tags":[],"class_list":{"0":"post-6435","1":"post","2":"type-post","3":"status-publish","4":"format-standard","5":"has-post-thumbnail","7":"category-santa-isabel"},"_links":{"self":[{"href":"https:\/\/jm-metropole.com.br\/site\/wp-json\/wp\/v2\/posts\/6435","targetHints":{"allow":["GET"]}}],"collection":[{"href":"https:\/\/jm-metropole.com.br\/site\/wp-json\/wp\/v2\/posts"}],"about":[{"href":"https:\/\/jm-metropole.com.br\/site\/wp-json\/wp\/v2\/types\/post"}],"author":[{"embeddable":true,"href":"https:\/\/jm-metropole.com.br\/site\/wp-json\/wp\/v2\/users\/1"}],"replies":[{"embeddable":true,"href":"https:\/\/jm-metropole.com.br\/site\/wp-json\/wp\/v2\/comments?post=6435"}],"version-history":[{"count":1,"href":"https:\/\/jm-metropole.com.br\/site\/wp-json\/wp\/v2\/posts\/6435\/revisions"}],"predecessor-version":[{"id":6437,"href":"https:\/\/jm-metropole.com.br\/site\/wp-json\/wp\/v2\/posts\/6435\/revisions\/6437"}],"wp:featuredmedia":[{"embeddable":true,"href":"https:\/\/jm-metropole.com.br\/site\/wp-json\/wp\/v2\/media\/6436"}],"wp:attachment":[{"href":"https:\/\/jm-metropole.com.br\/site\/wp-json\/wp\/v2\/media?parent=6435"}],"wp:term":[{"taxonomy":"category","embeddable":true,"href":"https:\/\/jm-metropole.com.br\/site\/wp-json\/wp\/v2\/categories?post=6435"},{"taxonomy":"post_tag","embeddable":true,"href":"https:\/\/jm-metropole.com.br\/site\/wp-json\/wp\/v2\/tags?post=6435"}],"curies":[{"name":"wp","href":"https:\/\/api.w.org\/{rel}","templated":true}]}}