{"id":636,"date":"2022-04-25T21:32:16","date_gmt":"2022-04-26T00:32:16","guid":{"rendered":"https:\/\/jm-metropole.com.br\/site\/?p=636"},"modified":"2022-04-25T21:32:16","modified_gmt":"2022-04-26T00:32:16","slug":"faltam-8-dias-para-terminar-o-prazo-de-regularizacao-do-titulo-eleitoral","status":"publish","type":"post","link":"https:\/\/jm-metropole.com.br\/site\/faltam-8-dias-para-terminar-o-prazo-de-regularizacao-do-titulo-eleitoral\/","title":{"rendered":"Faltam 8 dias para terminar o prazo de regulariza\u00e7\u00e3o do t\u00edtulo eleitoral"},"content":{"rendered":"<p><em>At\u00e9 4 de maio \u00e9 poss\u00edvel ajustar pend\u00eancias ou tirar um novo t\u00edtulo, sem sair de casa.<\/em><\/p>\n<p>Quem quiser votar nas Elei\u00e7\u00f5es 2022 precisa tirar o t\u00edtulo eleitoral ou regularizar pend\u00eancias at\u00e9 4 de maio.<br \/>\nA idade m\u00ednima \u00e9 de 15 anos, desde que o eleitor complete 16 at\u00e9 o dia da elei\u00e7\u00e3o (2 de outubro) e fa\u00e7a o documento at\u00e9 o fechamento do cadastro em maio.<br \/>\nDe acordo com o chefe do 185\u00ba Cart\u00f3rio Eleitoral, Antonio Willyams, tudo pode ser feito sem sair de casa, pela internet: primeiro t\u00edtulo, transfer\u00eancia de munic\u00edpio, altera\u00e7\u00e3o de dados e regulariza\u00e7\u00e3o de t\u00edtulo.<\/p>\n<p>No dia 2 de outubro de 2022 haver\u00e1 elei\u00e7\u00f5es para os cargos de presidente da Rep\u00fablica, governador, senador, deputado federal e estadual. O segundo turno das elei\u00e7\u00f5es est\u00e1 marcado para o dia 30 de outubro.<\/p>\n<p>No Brasil, o alistamento e o voto s\u00e3o obrigat\u00f3rios a partir dos 18 anos e facultativos para jovens de 16 e 17 anos, os maiores de 70 anos e os analfabetos. No entanto, em qualquer desses casos, para votar nas elei\u00e7\u00f5es \u00e9 necess\u00e1rio tirar o t\u00edtulo e estar em dia com as obriga\u00e7\u00f5es perante a Justi\u00e7a Eleitoral.<\/p>\n<p>Se voc\u00ea quer evitar aborrecimentos, o ideal \u00e9 n\u00e3o deixar para resolver tudo na \u00faltima hora, tendo em vista a alta demanda que pode haver no per\u00edodo. Tirar o t\u00edtulo eleitoral \u00e9 um processo r\u00e1pido e simples, que pode ser feito de forma totalmente digital<\/p>\n<p>Mais informa\u00e7\u00f5es pelo telefone 0800-640-8400 (liga\u00e7\u00e3o gratuita).<\/p>\n","protected":false},"excerpt":{"rendered":"<p>At\u00e9 4 de maio \u00e9 poss\u00edvel ajustar pend\u00eancias ou tirar um novo t\u00edtulo, sem sair de casa. Quem quiser votar nas Elei\u00e7\u00f5es 2022 precisa tirar o t\u00edtulo eleitoral ou regularizar pend\u00eancias at\u00e9 4 de maio. A idade m\u00ednima \u00e9 de 15 anos, desde que o eleitor complete 16 at\u00e9 o dia da elei\u00e7\u00e3o (2 de [&hellip;]<\/p>\n","protected":false},"author":1,"featured_media":637,"comment_status":"open","ping_status":"open","sticky":false,"template":"","format":"standard","meta":{"footnotes":""},"categories":[2],"tags":[],"class_list":{"0":"post-636","1":"post","2":"type-post","3":"status-publish","4":"format-standard","5":"has-post-thumbnail","7":"category-cidades"},"_links":{"self":[{"href":"https:\/\/jm-metropole.com.br\/site\/wp-json\/wp\/v2\/posts\/636","targetHints":{"allow":["GET"]}}],"collection":[{"href":"https:\/\/jm-metropole.com.br\/site\/wp-json\/wp\/v2\/posts"}],"about":[{"href":"https:\/\/jm-metropole.com.br\/site\/wp-json\/wp\/v2\/types\/post"}],"author":[{"embeddable":true,"href":"https:\/\/jm-metropole.com.br\/site\/wp-json\/wp\/v2\/users\/1"}],"replies":[{"embeddable":true,"href":"https:\/\/jm-metropole.com.br\/site\/wp-json\/wp\/v2\/comments?post=636"}],"version-history":[{"count":1,"href":"https:\/\/jm-metropole.com.br\/site\/wp-json\/wp\/v2\/posts\/636\/revisions"}],"predecessor-version":[{"id":638,"href":"https:\/\/jm-metropole.com.br\/site\/wp-json\/wp\/v2\/posts\/636\/revisions\/638"}],"wp:featuredmedia":[{"embeddable":true,"href":"https:\/\/jm-metropole.com.br\/site\/wp-json\/wp\/v2\/media\/637"}],"wp:attachment":[{"href":"https:\/\/jm-metropole.com.br\/site\/wp-json\/wp\/v2\/media?parent=636"}],"wp:term":[{"taxonomy":"category","embeddable":true,"href":"https:\/\/jm-metropole.com.br\/site\/wp-json\/wp\/v2\/categories?post=636"},{"taxonomy":"post_tag","embeddable":true,"href":"https:\/\/jm-metropole.com.br\/site\/wp-json\/wp\/v2\/tags?post=636"}],"curies":[{"name":"wp","href":"https:\/\/api.w.org\/{rel}","templated":true}]}}