{"id":6357,"date":"2023-02-13T15:18:01","date_gmt":"2023-02-13T18:18:01","guid":{"rendered":"https:\/\/jm-metropole.com.br\/site\/?p=6357"},"modified":"2023-02-13T15:18:01","modified_gmt":"2023-02-13T18:18:01","slug":"o-sindicato-dos-delegados-de-policia-do-estado-de-sao-paulo-sindpesp-recebe-nesta-2a-feira-13-2-a-salva-de-prata-da-camara-municipal-de-sao-paulo","status":"publish","type":"post","link":"https:\/\/jm-metropole.com.br\/site\/o-sindicato-dos-delegados-de-policia-do-estado-de-sao-paulo-sindpesp-recebe-nesta-2a-feira-13-2-a-salva-de-prata-da-camara-municipal-de-sao-paulo\/","title":{"rendered":"O Sindicato dos Delegados de Pol\u00edcia do Estado de S\u00e3o Paulo (Sindpesp) recebe nesta 2\u00aa feira (13\/2) a Salva de Prata da C\u00e2mara Municipal de S\u00e3o Paulo"},"content":{"rendered":"<p>De iniciativa do vereador Paulo Batista dos Reis (PT), a honraria ser\u00e1 outorgada durante sess\u00e3o solene que ser\u00e1 realizada a partir das 19h, no Sal\u00e3o Nobre da Casa de Leis | Pal\u00e1cio Anchieta.<\/p>\n<p>A Salva de Prata \u00e9 concedida pelo Poder Legislativo Paulistano a institui\u00e7\u00f5es, organiza\u00e7\u00f5es sociais, funda\u00e7\u00f5es e entidades em reconhecimento aos servi\u00e7os prestados \u00e0 cidade.<\/p>\n<p>Para o Sindpesp, a homenagem por parte da C\u00e2mara Municipal vai destacar a import\u00e2ncia hist\u00f3rica da entidade, a primeira de natureza sindical a ser fundada no estado de S\u00e3o Paulo, e exaltar o valor dos trabalhadores representados pela organiza\u00e7\u00e3o, bem como a Pol\u00edcia Civil de forma geral.<\/p>\n<p>Data: 13\/2 \u2013 2\u00aa feira<br \/>\nHor\u00e1rio: 19h<br \/>\nLocal: Sal\u00e3o Nobre | Pal\u00e1cio Anchieta | C\u00e2mara Municipal de S\u00e3o Paulo<br \/>\nEndere\u00e7o: Viaduto Jacare\u00ed, 100 \u2013 8\u00ba andar, Bela Vista, S\u00e3o Paulo-SP<\/p>\n","protected":false},"excerpt":{"rendered":"<p>De iniciativa do vereador Paulo Batista dos Reis (PT), a honraria ser\u00e1 outorgada durante sess\u00e3o solene que ser\u00e1 realizada a partir das 19h, no Sal\u00e3o Nobre da Casa de Leis | Pal\u00e1cio Anchieta. A Salva de Prata \u00e9 concedida pelo Poder Legislativo Paulistano a institui\u00e7\u00f5es, organiza\u00e7\u00f5es sociais, funda\u00e7\u00f5es e entidades em reconhecimento aos servi\u00e7os prestados [&hellip;]<\/p>\n","protected":false},"author":1,"featured_media":6358,"comment_status":"open","ping_status":"open","sticky":false,"template":"","format":"standard","meta":{"footnotes":""},"categories":[48],"tags":[],"class_list":{"0":"post-6357","1":"post","2":"type-post","3":"status-publish","4":"format-standard","5":"has-post-thumbnail","7":"category-geral"},"_links":{"self":[{"href":"https:\/\/jm-metropole.com.br\/site\/wp-json\/wp\/v2\/posts\/6357","targetHints":{"allow":["GET"]}}],"collection":[{"href":"https:\/\/jm-metropole.com.br\/site\/wp-json\/wp\/v2\/posts"}],"about":[{"href":"https:\/\/jm-metropole.com.br\/site\/wp-json\/wp\/v2\/types\/post"}],"author":[{"embeddable":true,"href":"https:\/\/jm-metropole.com.br\/site\/wp-json\/wp\/v2\/users\/1"}],"replies":[{"embeddable":true,"href":"https:\/\/jm-metropole.com.br\/site\/wp-json\/wp\/v2\/comments?post=6357"}],"version-history":[{"count":1,"href":"https:\/\/jm-metropole.com.br\/site\/wp-json\/wp\/v2\/posts\/6357\/revisions"}],"predecessor-version":[{"id":6359,"href":"https:\/\/jm-metropole.com.br\/site\/wp-json\/wp\/v2\/posts\/6357\/revisions\/6359"}],"wp:featuredmedia":[{"embeddable":true,"href":"https:\/\/jm-metropole.com.br\/site\/wp-json\/wp\/v2\/media\/6358"}],"wp:attachment":[{"href":"https:\/\/jm-metropole.com.br\/site\/wp-json\/wp\/v2\/media?parent=6357"}],"wp:term":[{"taxonomy":"category","embeddable":true,"href":"https:\/\/jm-metropole.com.br\/site\/wp-json\/wp\/v2\/categories?post=6357"},{"taxonomy":"post_tag","embeddable":true,"href":"https:\/\/jm-metropole.com.br\/site\/wp-json\/wp\/v2\/tags?post=6357"}],"curies":[{"name":"wp","href":"https:\/\/api.w.org\/{rel}","templated":true}]}}