{"id":6354,"date":"2023-02-13T15:15:12","date_gmt":"2023-02-13T18:15:12","guid":{"rendered":"https:\/\/jm-metropole.com.br\/site\/?p=6354"},"modified":"2023-02-13T15:15:12","modified_gmt":"2023-02-13T18:15:12","slug":"banda-bicha-e-claudia-leitte-animam-folioes-na-abertura-do-carnaval-em-guarulhos","status":"publish","type":"post","link":"https:\/\/jm-metropole.com.br\/site\/banda-bicha-e-claudia-leitte-animam-folioes-na-abertura-do-carnaval-em-guarulhos\/","title":{"rendered":"Banda Bicha e Claudia Leitte animam foli\u00f5es na abertura do carnaval em Guarulhos"},"content":{"rendered":"<p>O dia era de festa e nem a chuva que insistia em cair espantou os foli\u00f5es que estavam na rua para se divertir. No \u00faltimo\u00a0s\u00e1bado\u00a0(11) Guarulhos recebeu mais uma vez o animado e contagiante desfile da Banda Bicha, que repetiu o sucesso de 2020 e trouxe \u00e0 cidade, para a alegria dos foli\u00f5es, a cantora Claudia Leitte. Ao longo de 2,5 quil\u00f4metros da avenida Paulo Faccini, do ponto de partida ao lado do Adamastor at\u00e9 a dispers\u00e3o no Bosque Maia, o cortejo seguiu sem intercorr\u00eancias e cumpriu todo o planejamento de libera\u00e7\u00e3o e limpeza das vias no tempo programado.<\/p>\n<p>\u201c\u00c9 sempre importante enfatizar que n\u00e3o h\u00e1 investimento de recursos p\u00fablicos nos eventos de carnaval realizados em Guarulhos. No caso da Banda Bicha, que h\u00e1 46 anos anima a cidade, o cach\u00ea da cantora Claudia Leitte foi pago com recursos privados, que competem \u00fanica e exclusivamente \u00e0queles que organizaram o evento\u201d, observou o prefeito Guti.<br \/>\nDe acordo com os organizadores, um p\u00fablico estimado em 180 mil pessoas circulou pelas vias durante o cortejo. O vice-prefeito e secret\u00e1rio de Cultura, Professor Jesus, destacou o preparo estrutural e log\u00edstico de Guarulhos como um diferencial para o recebimento de uma parada de grande porte como \u00e9 o desfile da Banda Bicha.<\/p>\n<p>\u201cQuando pensamos em um evento que re\u00fane multid\u00e3o com mais de 100 mil pessoas, torna-se muito claro que a cidade est\u00e1 preparada para fazer adequa\u00e7\u00f5es como as que foram feitas, como o desvio de vias, o fechamento e a abertura gradual de ruas e o apoio operacional para garantir a seguran\u00e7a dos foli\u00f5es e a realiza\u00e7\u00e3o dessa festa grandiosa\u201d, observou Professor Jesus.<\/p>\n<p>Tira o p\u00e9 do ch\u00e3o<br \/>\nClaudia Leitte passou a comandar a festa no trio el\u00e9trico logo ap\u00f3s as 15h. Carism\u00e1tica, ela convidou os foli\u00f5es a erguer os bra\u00e7os, espantar as energias ruins e abra\u00e7ar as pessoas pr\u00f3ximas. \u201cEsse carnaval \u00e9 todo de voc\u00eas e eu estou aqui para servi-los. Espero que possamos ser muito felizes nesta tarde\u201d, disse.<\/p>\n<p>A cantora lembrou da abertura do carnaval na cidade em 2020, que aconteceu pouco antes da pandemia de covid-19, que suspendeu o evento em todo o pa\u00eds ao longo dos dois \u00faltimos anos. \u201cDepois de todo esse tempo meu carnaval est\u00e1 come\u00e7ando oficialmente\u00a0hoje, aqui com voc\u00eas\u201d.<\/p>\n<p>L\u00e1 de cima do trio el\u00e9trico Claudia Leitte \u00e9 pura divers\u00e3o. Ela pula, dan\u00e7a, chama os foli\u00f5es a erguer os bra\u00e7os, seguir a coreografia e bater palmas no ritmo da bateria. O tempo todo a palavra de ordem era uma s\u00f3: \u201ctira o p\u00e9 do ch\u00e3o\u201d. Os sucessos de sua carreira foram incont\u00e1veis: m\u00fasicas como\u00a0Sukin de Confus\u00e3o,\u00a0Potinho\u00a0e\u00a0Caranguejo, al\u00e9m de seu mais recente lan\u00e7amento,\u00a0Perigosinha, embalaram os foli\u00f5es. A cantora\u00a0envolveu e encantou totalmente o p\u00fablico, principalmente quando cantou\u00a0Pelados em Santos, da banda guarulhense Mamonas Assassinas, e\u00a0Eu Gosto Assim, de Gustavo Mioto e Mari Fernandez.<\/p>\n<p>Desfile sem intercorr\u00eancias<br \/>\nA integra\u00e7\u00e3o e a ostensiva presen\u00e7a das for\u00e7as de seguran\u00e7a, envolvendo as pol\u00edcias civil e militar, a rodovi\u00e1ria federal e a Guarda Civil Municipal, garantiram que n\u00e3o houvesse ocorr\u00eancias durante a passagem da banda Bicha. N\u00e3o houve o registro de furtos, roubos ou outros tipos de delitos comuns em grandes concentra\u00e7\u00f5es de pessoas. J\u00e1 em atendimentos prestados pelo Samu, ocorr\u00eancias de baixa gravidade foram registradas e encaminhadas rapidamente ao HMU, \u00e0 Policl\u00ednica Paraventi e ao Hospital Bom Clima.<\/p>\n<p>Para o secret\u00e1rio de Governo, Edmilson Americano, a Prefeitura de Guarulhos atuou de forma eficiente para que a cidade pudesse, mais uma vez, abrigar o desfile da Banda Bicha. \u201cAs equipes das secretarias demonstraram muita organiza\u00e7\u00e3o, garra, determina\u00e7\u00e3o e disciplina. As demais parcerias, decisivas para que pud\u00e9ssemos realizar mais um evento de grande sucesso, tamb\u00e9m garantiram um acontecimento que gera excelente retorno ao com\u00e9rcio local, d\u00e1 grande visibilidade ao munic\u00edpio e tem enorme potencial para atrair investimentos ao turismo da cidade\u201d, comemorou.<\/p>\n","protected":false},"excerpt":{"rendered":"<p>O dia era de festa e nem a chuva que insistia em cair espantou os foli\u00f5es que estavam na rua para se divertir. No \u00faltimo\u00a0s\u00e1bado\u00a0(11) Guarulhos recebeu mais uma vez o animado e contagiante desfile da Banda Bicha, que repetiu o sucesso de 2020 e trouxe \u00e0 cidade, para a alegria dos foli\u00f5es, a cantora [&hellip;]<\/p>\n","protected":false},"author":1,"featured_media":6355,"comment_status":"open","ping_status":"open","sticky":false,"template":"","format":"standard","meta":{"footnotes":""},"categories":[3],"tags":[],"class_list":{"0":"post-6354","1":"post","2":"type-post","3":"status-publish","4":"format-standard","5":"has-post-thumbnail","7":"category-guarulhos"},"_links":{"self":[{"href":"https:\/\/jm-metropole.com.br\/site\/wp-json\/wp\/v2\/posts\/6354","targetHints":{"allow":["GET"]}}],"collection":[{"href":"https:\/\/jm-metropole.com.br\/site\/wp-json\/wp\/v2\/posts"}],"about":[{"href":"https:\/\/jm-metropole.com.br\/site\/wp-json\/wp\/v2\/types\/post"}],"author":[{"embeddable":true,"href":"https:\/\/jm-metropole.com.br\/site\/wp-json\/wp\/v2\/users\/1"}],"replies":[{"embeddable":true,"href":"https:\/\/jm-metropole.com.br\/site\/wp-json\/wp\/v2\/comments?post=6354"}],"version-history":[{"count":1,"href":"https:\/\/jm-metropole.com.br\/site\/wp-json\/wp\/v2\/posts\/6354\/revisions"}],"predecessor-version":[{"id":6356,"href":"https:\/\/jm-metropole.com.br\/site\/wp-json\/wp\/v2\/posts\/6354\/revisions\/6356"}],"wp:featuredmedia":[{"embeddable":true,"href":"https:\/\/jm-metropole.com.br\/site\/wp-json\/wp\/v2\/media\/6355"}],"wp:attachment":[{"href":"https:\/\/jm-metropole.com.br\/site\/wp-json\/wp\/v2\/media?parent=6354"}],"wp:term":[{"taxonomy":"category","embeddable":true,"href":"https:\/\/jm-metropole.com.br\/site\/wp-json\/wp\/v2\/categories?post=6354"},{"taxonomy":"post_tag","embeddable":true,"href":"https:\/\/jm-metropole.com.br\/site\/wp-json\/wp\/v2\/tags?post=6354"}],"curies":[{"name":"wp","href":"https:\/\/api.w.org\/{rel}","templated":true}]}}