{"id":6343,"date":"2023-02-13T15:06:16","date_gmt":"2023-02-13T18:06:16","guid":{"rendered":"https:\/\/jm-metropole.com.br\/site\/?p=6343"},"modified":"2023-02-13T15:06:16","modified_gmt":"2023-02-13T18:06:16","slug":"carnaval-de-santa-isabel-tera-desfiles-de-blocos-a-programacao-conta-ainda-com-bandas-djs-e-matines","status":"publish","type":"post","link":"https:\/\/jm-metropole.com.br\/site\/carnaval-de-santa-isabel-tera-desfiles-de-blocos-a-programacao-conta-ainda-com-bandas-djs-e-matines\/","title":{"rendered":"Carnaval de Santa Isabel ter\u00e1 desfiles de blocos; a programa\u00e7\u00e3o conta ainda com bandas ,Djs e matin\u00eas"},"content":{"rendered":"<p>A folia tomar\u00e1 conta das ruas isabelenses entre os dias 17 e 21 de fevereiro. A festa de Carnaval organizada pela Prefeitura de Santa Isabel tem uma programa\u00e7\u00e3o especial e cheia de atra\u00e7\u00f5es, com os tradicionais bloquinhos, DJs, bandas e matin\u00eas.<\/p>\n<p>A festa come\u00e7a na sexta-feira (17\/02), com o Grito de Carnaval, que acontecer\u00e1 entre \u00e0s 20h e \u00e0s 02h. O evento ter\u00e1 apresenta\u00e7\u00e3o de banda musical tocando m\u00fasicas carnavalescas, na Pra\u00e7a Fernando Lopes.<\/p>\n<p>J\u00e1 nos quatro dias de Carnaval, a Prefeitura de Santa Isabel preparou uma programa\u00e7\u00e3o diversificada para os dias 18, 19, 20, 21, respectivamente, s\u00e1bado, domingo, segunda e ter\u00e7a-feira, com uma programa\u00e7\u00e3o pensada para toda fam\u00edlia.<\/p>\n<p>As crian\u00e7as poder\u00e3o brincar o Carnaval nas \u201cMatin\u00eas da Fantasia\u201d, sempre a partir das 14 horas, na Pra\u00e7a da Bandeira. As atra\u00e7\u00f5es contam com brinquedos infl\u00e1veis gratuitos e muita m\u00fasica. Vale a pena apostar na fantasia dos pequenos.<\/p>\n<p>Para quem quiser curtir a programa\u00e7\u00e3o musical em ritmo carnavalesco, pode acompanhar o som dos DJs, que tocar\u00e3o das 14h \u00e0s 17h30, no s\u00e1bado e na segunda-feira, e das 14h \u00e0s 16h, na no domingo e na ter\u00e7a-feira, na Pra\u00e7a Fernando Lopes.<\/p>\n<p>A partir das 16h, haver\u00e1 shows ao vivo de bandas locais, j\u00e1 entre \u00e0s 17h30 e \u00e0s 22h, a atra\u00e7\u00e3o musical continua com a Carnafolia, na Pra\u00e7a Fernando Lopes. A programa\u00e7\u00e3o noturna fica por conta das m\u00fasicas animadas, ao vivo, no palco da Galeria, entre \u00e0s 22h e as 02h.<\/p>\n<p>PRA\u00c7A DA BANDEIRA<\/p>\n<p>O Carnaval isabelense tamb\u00e9m ter\u00e1 atra\u00e7\u00f5es na Pra\u00e7a da Bandeira. Nos dias 18, 19, 20 e 21 de fevereiro a divers\u00e3o come\u00e7a a partir das 14h, com brinquedos infl\u00e1veis e Matin\u00ea das Fantasias para as crian\u00e7as, que podem ir fantasiadas. As atividades infantis seguem at\u00e9 \u00e0s 17h30.<\/p>\n<p>No dia 21\/02, segunda-feira, tamb\u00e9m ter\u00e1 programa\u00e7\u00e3o para a melhor idade, com a Matin\u00ea da Saudade. O p\u00fablico idoso ter\u00e1 a oportunidade de recordar cl\u00e1ssicos carnavalescos antigos, e matar a saudade dos antigos bailes de Carnaval.<\/p>\n<p>Entre \u00e0s 17h30 e \u00e0s 22h ser\u00e1 a vez da agita\u00e7\u00e3o do Carnafolia, e a partir das 22h bandas locais subir\u00e3o ao palco, fazendo muita m\u00fasica ao vivo, at\u00e9 \u00e0s 02h.<\/p>\n<p>BLOCOS CARNAVALESCOS<\/p>\n<p>Em Santa Isabel, os blocos de Carnaval tamb\u00e9m t\u00eam vez. Os desfiles acontecer\u00e3o na Avenida da Rep\u00fablica, nos dias 19 e 21 de fevereiro. Ao todo, sete bloquinhos dar\u00e3o o tom carnavalesco a principal via da cidade.<\/p>\n<p>No domingo, os m\u00fasicos da Orquestra Municipal de Santa Isabel trar\u00e3o muita anima\u00e7\u00e3o \u00e0 avenida no Bloco dos Fanfarr\u00f5es, que abrir\u00e1 o desfile \u00e0s 19h. Na sequ\u00eancia, \u00e0s 21 horas, ser\u00e1 a vez do Bloco das Baianas, que trar\u00e1 \u00e0 tona a mem\u00f3ria de Maria Baiana, uma das percursoras do Carnaval de Santa Isabel.<\/p>\n<p>J\u00e1 \u00e0s 21h30, o Bloco do Boi-Ol\u00e1 adentrar\u00e1 \u00e0 Avenida da Rep\u00fablica, prometendo muita m\u00fasica e anima\u00e7\u00e3o para os foli\u00f5es. A apresenta\u00e7\u00e3o dos blocos segue no dia 21\/02, com mais quatro atra\u00e7\u00f5es, sendo:<br \/>\nO bloco dos Fanfarr\u00f5es, \u00e1s 19h; j\u00e1 o Bloco Bola de Neve Church, entrar\u00e1 na avenida \u00e0s 20h, levando ao p\u00fablico sua folia gospel; \u00e0s 21h o Num Guento retorna \u00e0 avenida com sua batucada de qualidade e as 21h30 o Bloco das Baianas fecha o desfile de bloquinhos em Santa Isabel.<\/p>\n<p>Para mais informa\u00e7\u00f5es, fique atento \u00e0s redes sociais e aos canais de comunica\u00e7\u00e3o oficiais da Prefeitura de Santa Isabel.<\/p>\n","protected":false},"excerpt":{"rendered":"<p>A folia tomar\u00e1 conta das ruas isabelenses entre os dias 17 e 21 de fevereiro. A festa de Carnaval organizada pela Prefeitura de Santa Isabel tem uma programa\u00e7\u00e3o especial e cheia de atra\u00e7\u00f5es, com os tradicionais bloquinhos, DJs, bandas e matin\u00eas. A festa come\u00e7a na sexta-feira (17\/02), com o Grito de Carnaval, que acontecer\u00e1 entre [&hellip;]<\/p>\n","protected":false},"author":1,"featured_media":6344,"comment_status":"open","ping_status":"open","sticky":false,"template":"","format":"standard","meta":{"footnotes":""},"categories":[5],"tags":[],"class_list":{"0":"post-6343","1":"post","2":"type-post","3":"status-publish","4":"format-standard","5":"has-post-thumbnail","7":"category-santa-isabel"},"_links":{"self":[{"href":"https:\/\/jm-metropole.com.br\/site\/wp-json\/wp\/v2\/posts\/6343","targetHints":{"allow":["GET"]}}],"collection":[{"href":"https:\/\/jm-metropole.com.br\/site\/wp-json\/wp\/v2\/posts"}],"about":[{"href":"https:\/\/jm-metropole.com.br\/site\/wp-json\/wp\/v2\/types\/post"}],"author":[{"embeddable":true,"href":"https:\/\/jm-metropole.com.br\/site\/wp-json\/wp\/v2\/users\/1"}],"replies":[{"embeddable":true,"href":"https:\/\/jm-metropole.com.br\/site\/wp-json\/wp\/v2\/comments?post=6343"}],"version-history":[{"count":1,"href":"https:\/\/jm-metropole.com.br\/site\/wp-json\/wp\/v2\/posts\/6343\/revisions"}],"predecessor-version":[{"id":6345,"href":"https:\/\/jm-metropole.com.br\/site\/wp-json\/wp\/v2\/posts\/6343\/revisions\/6345"}],"wp:featuredmedia":[{"embeddable":true,"href":"https:\/\/jm-metropole.com.br\/site\/wp-json\/wp\/v2\/media\/6344"}],"wp:attachment":[{"href":"https:\/\/jm-metropole.com.br\/site\/wp-json\/wp\/v2\/media?parent=6343"}],"wp:term":[{"taxonomy":"category","embeddable":true,"href":"https:\/\/jm-metropole.com.br\/site\/wp-json\/wp\/v2\/categories?post=6343"},{"taxonomy":"post_tag","embeddable":true,"href":"https:\/\/jm-metropole.com.br\/site\/wp-json\/wp\/v2\/tags?post=6343"}],"curies":[{"name":"wp","href":"https:\/\/api.w.org\/{rel}","templated":true}]}}