{"id":632,"date":"2022-04-21T21:19:50","date_gmt":"2022-04-22T00:19:50","guid":{"rendered":"https:\/\/jm-metropole.com.br\/site\/?p=632"},"modified":"2022-04-25T21:30:25","modified_gmt":"2022-04-26T00:30:25","slug":"prefeitura-de-aruja-discute-demandas-com-o-governo-do-estado-pelo-condemat","status":"publish","type":"post","link":"https:\/\/jm-metropole.com.br\/site\/prefeitura-de-aruja-discute-demandas-com-o-governo-do-estado-pelo-condemat\/","title":{"rendered":"Prefeitura de Aruj\u00e1 discute demandas com o governo do estado pelo Condemat"},"content":{"rendered":"<p>A Prefeitura de Aruj\u00e1, representada pelo prefeito Luis Camargo, o Dr Camargo, e pelos secret\u00e1rios municipais de Governo, Rog\u00e9rio Pereira, o Rog\u00e9rio da Padaria, e de Desenvolvimento Econ\u00f4mico Jos\u00e9 Carlos Santos, compareceu na quarta-feira (20) ao audit\u00f3rio da Universidade de Mogi das Cruzes (UMC), juntamente com demais prefeitos que integram o Cons\u00f3rcio de Desenvolvimento dos Munic\u00edpios do Alto Tiet\u00ea (Condemat), para conversar sobre demandas e saber o andamento de outras solicita\u00e7\u00f5es priorit\u00e1rias ao governador Rodrigo Garcia. O governo do estado falou, no encontro, sobre a constru\u00e7\u00e3o da al\u00e7a de acesso de sa\u00edda do Rodoanel, que trar\u00e1 maior desenvolvimento para Aruj\u00e1, e tamb\u00e9m sobre as obras do corredor metropolitano BRT, assim como o trecho de Aruj\u00e1 que falta ser duplicado na Mogi-Dutra (SP-88). O governador disse que os pedidos para a cidade de Aruj\u00e1 est\u00e3o bem encaminhados e que, em breve, dever\u00e1 retornar \u00e0 regi\u00e3o para conversar novamente com os prefeitos.<br \/>\n<img loading=\"lazy\" decoding=\"async\" class=\"size-medium wp-image-634 aligncenter\" src=\"https:\/\/jm-metropole.com.br\/site\/wp-content\/uploads\/2022\/04\/WhatsApp-Image-2022-04-25-at-21.18.49-300x236.jpeg\" alt=\"\" width=\"300\" height=\"236\" srcset=\"https:\/\/jm-metropole.com.br\/site\/wp-content\/uploads\/2022\/04\/WhatsApp-Image-2022-04-25-at-21.18.49-300x236.jpeg 300w, https:\/\/jm-metropole.com.br\/site\/wp-content\/uploads\/2022\/04\/WhatsApp-Image-2022-04-25-at-21.18.49-150x118.jpeg 150w, https:\/\/jm-metropole.com.br\/site\/wp-content\/uploads\/2022\/04\/WhatsApp-Image-2022-04-25-at-21.18.49-696x548.jpeg 696w, https:\/\/jm-metropole.com.br\/site\/wp-content\/uploads\/2022\/04\/WhatsApp-Image-2022-04-25-at-21.18.49.jpeg 720w\" sizes=\"auto, (max-width: 300px) 100vw, 300px\" \/><\/p>\n","protected":false},"excerpt":{"rendered":"<p>A Prefeitura de Aruj\u00e1, representada pelo prefeito Luis Camargo, o Dr Camargo, e pelos secret\u00e1rios municipais de Governo, Rog\u00e9rio Pereira, o Rog\u00e9rio da Padaria, e de Desenvolvimento Econ\u00f4mico Jos\u00e9 Carlos Santos, compareceu na quarta-feira (20) ao audit\u00f3rio da Universidade de Mogi das Cruzes (UMC), juntamente com demais prefeitos que integram o Cons\u00f3rcio de Desenvolvimento dos [&hellip;]<\/p>\n","protected":false},"author":1,"featured_media":633,"comment_status":"open","ping_status":"open","sticky":false,"template":"","format":"standard","meta":{"footnotes":""},"categories":[4],"tags":[],"class_list":{"0":"post-632","1":"post","2":"type-post","3":"status-publish","4":"format-standard","5":"has-post-thumbnail","7":"category-aruja"},"_links":{"self":[{"href":"https:\/\/jm-metropole.com.br\/site\/wp-json\/wp\/v2\/posts\/632","targetHints":{"allow":["GET"]}}],"collection":[{"href":"https:\/\/jm-metropole.com.br\/site\/wp-json\/wp\/v2\/posts"}],"about":[{"href":"https:\/\/jm-metropole.com.br\/site\/wp-json\/wp\/v2\/types\/post"}],"author":[{"embeddable":true,"href":"https:\/\/jm-metropole.com.br\/site\/wp-json\/wp\/v2\/users\/1"}],"replies":[{"embeddable":true,"href":"https:\/\/jm-metropole.com.br\/site\/wp-json\/wp\/v2\/comments?post=632"}],"version-history":[{"count":1,"href":"https:\/\/jm-metropole.com.br\/site\/wp-json\/wp\/v2\/posts\/632\/revisions"}],"predecessor-version":[{"id":635,"href":"https:\/\/jm-metropole.com.br\/site\/wp-json\/wp\/v2\/posts\/632\/revisions\/635"}],"wp:featuredmedia":[{"embeddable":true,"href":"https:\/\/jm-metropole.com.br\/site\/wp-json\/wp\/v2\/media\/633"}],"wp:attachment":[{"href":"https:\/\/jm-metropole.com.br\/site\/wp-json\/wp\/v2\/media?parent=632"}],"wp:term":[{"taxonomy":"category","embeddable":true,"href":"https:\/\/jm-metropole.com.br\/site\/wp-json\/wp\/v2\/categories?post=632"},{"taxonomy":"post_tag","embeddable":true,"href":"https:\/\/jm-metropole.com.br\/site\/wp-json\/wp\/v2\/tags?post=632"}],"curies":[{"name":"wp","href":"https:\/\/api.w.org\/{rel}","templated":true}]}}