{"id":6311,"date":"2023-02-11T09:05:36","date_gmt":"2023-02-11T12:05:36","guid":{"rendered":"https:\/\/jm-metropole.com.br\/site\/?p=6311"},"modified":"2023-02-11T09:05:36","modified_gmt":"2023-02-11T12:05:36","slug":"prefeitura-de-mogi-realiza-campanha-para-atualizacao-de-cadernetas-de-vacinacao-neste-sabado","status":"publish","type":"post","link":"https:\/\/jm-metropole.com.br\/site\/prefeitura-de-mogi-realiza-campanha-para-atualizacao-de-cadernetas-de-vacinacao-neste-sabado\/","title":{"rendered":"Prefeitura de Mogi realiza campanha para atualiza\u00e7\u00e3o de cadernetas de vacina\u00e7\u00e3o neste s\u00e1bado"},"content":{"rendered":"<div class=\"col-sm-8 col-md-9 col-lg-9\">\n<div id=\"conteudo\" class=\"conteudo\">\n<p>A Prefeitura de Mogi das Cruzes, por meio da Secretaria de Sa\u00fade, promove neste s\u00e1bado (11\/02), das 8 \u00e0s 16 horas, a Campanha para Atualiza\u00e7\u00e3o de Cadernetas de Vacina\u00e7\u00e3o em Postos de Sa\u00fade com localiza\u00e7\u00f5es estrat\u00e9gicas.<\/p>\n<p>O objetivo \u00e9 atualizar as vacinas do calend\u00e1rio de rotina de crian\u00e7as e adolescentes para a volta \u00e0s aulas, disponibilizando todas as doses indicadas para cada faixa et\u00e1ria.<\/p>\n<p>As vacinas do calend\u00e1rio de rotina tamb\u00e9m est\u00e3o dispon\u00edveis de segunda a sexta-feira, das 8 \u00e0s 16h30, em todas as Unidades B\u00e1sicas de Sa\u00fade e unidades da Estrat\u00e9gia Sa\u00fade da Fam\u00edlia.<\/p>\n<p>\u201cO n\u00e3o recebimento das doses indicadas no calend\u00e1rio de vacina\u00e7\u00e3o para cada idade aumenta o risco de retorno de doen\u00e7as que hoje tem baixa circula\u00e7\u00e3o ou j\u00e1 est\u00e3o eliminadas em nosso pa\u00eds\u201d, alerta a chefe da Vigil\u00e2ncia Epidemiol\u00f3gica, Lilian Peres Mendes.<\/p>\n<p>O Calend\u00e1rio B\u00e1sico de Vacina\u00e7\u00e3o do Programa Nacional de Imuniza\u00e7\u00e3o (PNI) no Brasil \u00e9 um dos mais extensos do mundo e prev\u00ea vacinas contra 19 tipos de doen\u00e7as diferentes. As vacinas s\u00e3o consideradas obrigat\u00f3rias pelo Estatuto da Crian\u00e7a e Adolescente.<\/p>\n<p><strong>S\u00e1bado, dia 11\/02<\/strong><br \/>\n<u>Das 8 \u00e0s 16 horas<\/u><\/p>\n<p>UBS Jundiapeba<br \/>\nUBS Braz Cubas<br \/>\nUBS Vila Su\u00edssa<br \/>\nUBS Jardim Camila<br \/>\nUBS Alto Ipiranga<br \/>\nUBS Vila Moraes<br \/>\nUBS Minera\u00e7\u00e3o<br \/>\nUBS Santo \u00c2ngelo<br \/>\nUBS Botujuru<br \/>\nUBS Jardim Maric\u00e1<br \/>\nUBS Jardim Planalto<br \/>\n&nbsp;<\/p>\n<div class=\"text-center\"><\/div>\n<\/div>\n<\/div>\n","protected":false},"excerpt":{"rendered":"<p>A Prefeitura de Mogi das Cruzes, por meio da Secretaria de Sa\u00fade, promove neste s\u00e1bado (11\/02), das 8 \u00e0s 16 horas, a Campanha para Atualiza\u00e7\u00e3o de Cadernetas de Vacina\u00e7\u00e3o em Postos de Sa\u00fade com localiza\u00e7\u00f5es estrat\u00e9gicas. O objetivo \u00e9 atualizar as vacinas do calend\u00e1rio de rotina de crian\u00e7as e adolescentes para a volta \u00e0s aulas, [&hellip;]<\/p>\n","protected":false},"author":1,"featured_media":6312,"comment_status":"open","ping_status":"open","sticky":false,"template":"","format":"standard","meta":{"footnotes":""},"categories":[10],"tags":[],"class_list":{"0":"post-6311","1":"post","2":"type-post","3":"status-publish","4":"format-standard","5":"has-post-thumbnail","7":"category-mogi-das-cruzes"},"_links":{"self":[{"href":"https:\/\/jm-metropole.com.br\/site\/wp-json\/wp\/v2\/posts\/6311","targetHints":{"allow":["GET"]}}],"collection":[{"href":"https:\/\/jm-metropole.com.br\/site\/wp-json\/wp\/v2\/posts"}],"about":[{"href":"https:\/\/jm-metropole.com.br\/site\/wp-json\/wp\/v2\/types\/post"}],"author":[{"embeddable":true,"href":"https:\/\/jm-metropole.com.br\/site\/wp-json\/wp\/v2\/users\/1"}],"replies":[{"embeddable":true,"href":"https:\/\/jm-metropole.com.br\/site\/wp-json\/wp\/v2\/comments?post=6311"}],"version-history":[{"count":1,"href":"https:\/\/jm-metropole.com.br\/site\/wp-json\/wp\/v2\/posts\/6311\/revisions"}],"predecessor-version":[{"id":6313,"href":"https:\/\/jm-metropole.com.br\/site\/wp-json\/wp\/v2\/posts\/6311\/revisions\/6313"}],"wp:featuredmedia":[{"embeddable":true,"href":"https:\/\/jm-metropole.com.br\/site\/wp-json\/wp\/v2\/media\/6312"}],"wp:attachment":[{"href":"https:\/\/jm-metropole.com.br\/site\/wp-json\/wp\/v2\/media?parent=6311"}],"wp:term":[{"taxonomy":"category","embeddable":true,"href":"https:\/\/jm-metropole.com.br\/site\/wp-json\/wp\/v2\/categories?post=6311"},{"taxonomy":"post_tag","embeddable":true,"href":"https:\/\/jm-metropole.com.br\/site\/wp-json\/wp\/v2\/tags?post=6311"}],"curies":[{"name":"wp","href":"https:\/\/api.w.org\/{rel}","templated":true}]}}