{"id":6297,"date":"2023-02-10T17:23:31","date_gmt":"2023-02-10T20:23:31","guid":{"rendered":"https:\/\/jm-metropole.com.br\/site\/?p=6297"},"modified":"2023-02-10T17:23:31","modified_gmt":"2023-02-10T20:23:31","slug":"saude-de-guararema-vai-realizar-dia-d-para-vacinacao-contra-a-meningite","status":"publish","type":"post","link":"https:\/\/jm-metropole.com.br\/site\/saude-de-guararema-vai-realizar-dia-d-para-vacinacao-contra-a-meningite\/","title":{"rendered":"Sa\u00fade de Guararema vai realizar Dia D Para Vacina\u00e7\u00e3o Contra a Meningite"},"content":{"rendered":"<p>Dia D acontece na Cevac e na UBS Jardim Dulce, das 9 \u00e0s 14 horas deste s\u00e1bado (11)<\/p>\n<p>A Secretaria Municipal de Sa\u00fade vai realizar no pr\u00f3ximo s\u00e1bado (11) o Dia D Para Vacina\u00e7\u00e3o Contra Meningite, de adolescentes de 15 a 19 anos e profissionais de Sa\u00fade, com o imunizante Meningoc\u00f3cia C.<\/p>\n<p>O Dia D ser\u00e1 realizado na Cevac e na UBS Jardim Dulce, das 9 \u00e0s 14 horas. Al\u00e9m da a\u00e7\u00e3o de s\u00e1bado, a vacina segue dispon\u00edvel nestas unidades de Sa\u00fade, at\u00e9 28 de fevereiro.<br \/>\nVale refor\u00e7ar que a vacina previne a meningite, doen\u00e7a caracterizada por um processo inflamat\u00f3rio nas membranas (meninges) que envolvem o c\u00e9rebro e a medula espinhal, que pode ser causada por bact\u00e9rias, v\u00edrus, fungos e parasitas.<\/p>\n<p>No \u00faltimo dia 6, a Secretaria Municipal de Sa\u00fade deu in\u00edcio \u00e0 vacina\u00e7\u00e3o gratuita e pontual contra a doen\u00e7a. A vacina\u00e7\u00e3o ocorre na Cevac de segunda a sexta-feira, das 8 \u00e0s 18 horas e aos s\u00e1bados, das 9 \u00e0s 12 horas, ou na UBS Jardim Dulce, de segunda a sexta-feira, das 8 \u00e0s 16 horas.<\/p>\n<p>O p\u00fablico de 15 a 19 anos \u00e9 o principal respons\u00e1vel pela circula\u00e7\u00e3o da doen\u00e7a na sociedade. Al\u00e9m dessa amplia\u00e7\u00e3o, a vacina continua na rotina de crian\u00e7as menores de 11 anos n\u00e3o vacinas e trabalhadores da Sa\u00fade.<\/p>\n","protected":false},"excerpt":{"rendered":"<p>Dia D acontece na Cevac e na UBS Jardim Dulce, das 9 \u00e0s 14 horas deste s\u00e1bado (11) A Secretaria Municipal de Sa\u00fade vai realizar no pr\u00f3ximo s\u00e1bado (11) o Dia D Para Vacina\u00e7\u00e3o Contra Meningite, de adolescentes de 15 a 19 anos e profissionais de Sa\u00fade, com o imunizante Meningoc\u00f3cia C. O Dia D [&hellip;]<\/p>\n","protected":false},"author":1,"featured_media":6298,"comment_status":"open","ping_status":"open","sticky":false,"template":"","format":"standard","meta":{"footnotes":""},"categories":[8],"tags":[],"class_list":{"0":"post-6297","1":"post","2":"type-post","3":"status-publish","4":"format-standard","5":"has-post-thumbnail","7":"category-guararema"},"_links":{"self":[{"href":"https:\/\/jm-metropole.com.br\/site\/wp-json\/wp\/v2\/posts\/6297","targetHints":{"allow":["GET"]}}],"collection":[{"href":"https:\/\/jm-metropole.com.br\/site\/wp-json\/wp\/v2\/posts"}],"about":[{"href":"https:\/\/jm-metropole.com.br\/site\/wp-json\/wp\/v2\/types\/post"}],"author":[{"embeddable":true,"href":"https:\/\/jm-metropole.com.br\/site\/wp-json\/wp\/v2\/users\/1"}],"replies":[{"embeddable":true,"href":"https:\/\/jm-metropole.com.br\/site\/wp-json\/wp\/v2\/comments?post=6297"}],"version-history":[{"count":1,"href":"https:\/\/jm-metropole.com.br\/site\/wp-json\/wp\/v2\/posts\/6297\/revisions"}],"predecessor-version":[{"id":6299,"href":"https:\/\/jm-metropole.com.br\/site\/wp-json\/wp\/v2\/posts\/6297\/revisions\/6299"}],"wp:featuredmedia":[{"embeddable":true,"href":"https:\/\/jm-metropole.com.br\/site\/wp-json\/wp\/v2\/media\/6298"}],"wp:attachment":[{"href":"https:\/\/jm-metropole.com.br\/site\/wp-json\/wp\/v2\/media?parent=6297"}],"wp:term":[{"taxonomy":"category","embeddable":true,"href":"https:\/\/jm-metropole.com.br\/site\/wp-json\/wp\/v2\/categories?post=6297"},{"taxonomy":"post_tag","embeddable":true,"href":"https:\/\/jm-metropole.com.br\/site\/wp-json\/wp\/v2\/tags?post=6297"}],"curies":[{"name":"wp","href":"https:\/\/api.w.org\/{rel}","templated":true}]}}