{"id":6291,"date":"2023-02-10T14:46:56","date_gmt":"2023-02-10T17:46:56","guid":{"rendered":"https:\/\/jm-metropole.com.br\/site\/?p=6291"},"modified":"2023-02-10T14:46:56","modified_gmt":"2023-02-10T17:46:56","slug":"em-reuniao-com-gerencia-da-sabesp-prefeitura-de-aruja-pede-urgencia-em-importantes-obras-para-melhorar-o-abastecimento-de-agua-em-aruja","status":"publish","type":"post","link":"https:\/\/jm-metropole.com.br\/site\/em-reuniao-com-gerencia-da-sabesp-prefeitura-de-aruja-pede-urgencia-em-importantes-obras-para-melhorar-o-abastecimento-de-agua-em-aruja\/","title":{"rendered":"EM REUNI\u00c3O COM GER\u00caNCIA DA SABESP, PREFEITURA DE ARUJ\u00c1 PEDE URG\u00caNCIA EM IMPORTANTES OBRAS PARA MELHORAR O ABASTECIMENTO DE \u00c1GUA EM ARUJ\u00c1"},"content":{"rendered":"<p>A Ger\u00eancia Executiva da Sabesp, atendendo solicita\u00e7\u00e3o da Prefeitura de Aruj\u00e1, compareceu em peso nesta semana em reuni\u00e3o no gabinete do prefeito Luis Camargo, o Dr Camargo, para tratar de obras e a\u00e7\u00f5es importantes para a melhoria no abastecimento de \u00e1gua da cidade.<\/p>\n<p>Por meio dos gerentes de v\u00e1rios departamentos e engenheiros da empresa, Eduardo Camargo Afonso, Zilda Aparecida Soares de Lima, Jocelma Gon\u00e7alves da Silva, Dori Martins, Zemicindo Miguel Mendes, Carolina Queiroz dos Santos e Eder Nunes, juntamente com o secret\u00e1rio municipal de Servi\u00e7os, Rodolfo Machado, o prefeito abordou quatro pautas urgentes para a popula\u00e7\u00e3o de Aruj\u00e1. S\u00e3o elas: a solu\u00e7\u00e3o para o problema da falta d\u2019\u00e1gua na parte mais alta do bairro do Retiro, cuja licita\u00e7\u00e3o para execu\u00e7\u00e3o da rede est\u00e1 prevista para o 2\u00b0 semestre de 2023; a amplia\u00e7\u00e3o da rede de \u00e1gua para atender o bairro Pedra Fala, pendente apenas de projeto executivo da Sabesp; a amplia\u00e7\u00e3o da rede de \u00e1gua no bairro Fazenda Velha, em vias de regulariza\u00e7\u00e3o ambiental e o t\u00e9rmino da liga\u00e7\u00e3o da rede de esgoto na estrada de Santa Isabel (divisa com Itaquaquecetuba), em que a Sabesp est\u00e1 concluindo o \u201cshaft\u201d do Coletor Tronco Perova II &#8211; Bacia T18, cuja previs\u00e3o de conclus\u00e3o \u00e9 o 1\u00b0 semestre deste ano. &#8220;Seguiremos cobrando da Sabesp agilidade nos servi\u00e7os e iremos nos encontrar, em breve, com o novo presidente da companhia, para solicitarmos urg\u00eancia dessas a\u00e7\u00f5es em nossa cidade&#8221;, afirmou o chefe do Executivo Municipal.<\/p>\n","protected":false},"excerpt":{"rendered":"<p>A Ger\u00eancia Executiva da Sabesp, atendendo solicita\u00e7\u00e3o da Prefeitura de Aruj\u00e1, compareceu em peso nesta semana em reuni\u00e3o no gabinete do prefeito Luis Camargo, o Dr Camargo, para tratar de obras e a\u00e7\u00f5es importantes para a melhoria no abastecimento de \u00e1gua da cidade. Por meio dos gerentes de v\u00e1rios departamentos e engenheiros da empresa, Eduardo [&hellip;]<\/p>\n","protected":false},"author":1,"featured_media":6292,"comment_status":"open","ping_status":"open","sticky":false,"template":"","format":"standard","meta":{"footnotes":""},"categories":[4],"tags":[],"class_list":{"0":"post-6291","1":"post","2":"type-post","3":"status-publish","4":"format-standard","5":"has-post-thumbnail","7":"category-aruja"},"_links":{"self":[{"href":"https:\/\/jm-metropole.com.br\/site\/wp-json\/wp\/v2\/posts\/6291","targetHints":{"allow":["GET"]}}],"collection":[{"href":"https:\/\/jm-metropole.com.br\/site\/wp-json\/wp\/v2\/posts"}],"about":[{"href":"https:\/\/jm-metropole.com.br\/site\/wp-json\/wp\/v2\/types\/post"}],"author":[{"embeddable":true,"href":"https:\/\/jm-metropole.com.br\/site\/wp-json\/wp\/v2\/users\/1"}],"replies":[{"embeddable":true,"href":"https:\/\/jm-metropole.com.br\/site\/wp-json\/wp\/v2\/comments?post=6291"}],"version-history":[{"count":1,"href":"https:\/\/jm-metropole.com.br\/site\/wp-json\/wp\/v2\/posts\/6291\/revisions"}],"predecessor-version":[{"id":6293,"href":"https:\/\/jm-metropole.com.br\/site\/wp-json\/wp\/v2\/posts\/6291\/revisions\/6293"}],"wp:featuredmedia":[{"embeddable":true,"href":"https:\/\/jm-metropole.com.br\/site\/wp-json\/wp\/v2\/media\/6292"}],"wp:attachment":[{"href":"https:\/\/jm-metropole.com.br\/site\/wp-json\/wp\/v2\/media?parent=6291"}],"wp:term":[{"taxonomy":"category","embeddable":true,"href":"https:\/\/jm-metropole.com.br\/site\/wp-json\/wp\/v2\/categories?post=6291"},{"taxonomy":"post_tag","embeddable":true,"href":"https:\/\/jm-metropole.com.br\/site\/wp-json\/wp\/v2\/tags?post=6291"}],"curies":[{"name":"wp","href":"https:\/\/api.w.org\/{rel}","templated":true}]}}